{"id":421,"date":"2026-02-25T10:39:32","date_gmt":"2026-02-25T13:39:32","guid":{"rendered":"https:\/\/salastampa.eu\/news\/?p=421"},"modified":"2026-02-25T10:41:42","modified_gmt":"2026-02-25T13:41:42","slug":"il-record-delle-parole-la-scarsita-degli-accordi","status":"publish","type":"post","link":"https:\/\/salastampa.eu\/news\/2026\/02\/25\/il-record-delle-parole-la-scarsita-degli-accordi\/","title":{"rendered":"Il record delle parole, la scarsit\u00e0 degli accordi"},"content":{"rendered":"\n<figure class=\"wp-block-image size-full\"><img loading=\"lazy\" decoding=\"async\" width=\"768\" height=\"512\" src=\"https:\/\/salastampa.eu\/news\/wp-content\/uploads\/2026\/02\/img_1634.jpg\" alt=\"\" class=\"wp-image-420\" srcset=\"https:\/\/salastampa.eu\/news\/wp-content\/uploads\/2026\/02\/img_1634.jpg 768w, https:\/\/salastampa.eu\/news\/wp-content\/uploads\/2026\/02\/img_1634-300x200.jpg 300w\" sizes=\"auto, (max-width: 768px) 100vw, 768px\" \/><\/figure>\n\n\n\n<p>Due ore di parole non rendono un Paese pi\u00f9 abitabile; talvolta lo rendono soltanto pi\u00f9 rumoroso. L\u2019ultimo Stato dell\u2019Unione di Donald Trump ha battuto record di durata e confermato una vecchia massima: la lunghezza non garantisce la precisione della diagnosi.<\/p>\n\n\n\n<p>La scena \u00e8 stata eloquente: fischi democratici, applausi repubblicani, e un presidente che sembra nutrirsi del contrasto. La politica, elevata a teatro, trova nella frizione il suo combustibile preferito.<\/p>\n\n\n\n<p>Trump ha proclamato una nazione \u201cpi\u00f9 grande, migliore, pi\u00f9 ricca e pi\u00f9 forte\u201d. Formula perfetta come slogan; meno come bilancio. Gli indicatori migliorano, ma la vita quotidiana resta cara per chi non vive di statistiche.<\/p>\n\n\n\n<p>L\u2019inflazione scende; la pazienza dei cittadini, meno. Tra lo scontrino del supermercato e l\u2019epica del podio c\u2019\u00e8 una distanza che nessun aggettivo presidenziale accorcia.<\/p>\n\n\n\n<p>Sull\u2019immigrazione, la coreografia era prevedibile: il confine come metafora totale, il Congresso invitato ad alzarsi in piedi come se la policy fosse ginnastica morale. Il gesto semplifica; la realt\u00e0 resiste.<\/p>\n\n\n\n<p>L\u2019avvertimento all\u2019Iran ha aggiunto il tono grave che il contesto internazionale impone. La fermezza \u00e8 una virt\u00f9; la grandiloquenza, un rischio. Quando la deterrenza si confonde con il teatro, la prudenza resta senza microfono.<\/p>\n\n\n\n<p>Le recenti sconfitte giudiziarie hanno fatto capolino tra le righe. La tentazione delle scorciatoie di governo persiste, anche quando i contrappesi ricordano che l\u2019architettura istituzionale non si improvvisa.<\/p>\n\n\n\n<p>Il rapporto con la Corte Suprema, evocata a pochi metri di distanza, ha svelato una paradossale richiesta di rispetto per le regole mentre si cercano vie per aggirarle. La legalit\u00e0 funziona meglio come metodo che come scenografia.<\/p>\n\n\n\n<p>L\u2019episodio venezuelano, esibito come trofeo, ha ribadito la preferenza per il gesto simbolico rispetto alla spiegazione sobria. La politica estera raccontata come epica istantanea presenta il conto pi\u00f9 tardi.<\/p>\n\n\n\n<p>Il Campidoglio \u00e8 stato lo specchio di un Paese che discute a voce alta e vota con il corpo: alcuni in piedi, altri seduti. L\u2019immagine \u00e8 potente; la convivenza democratica, fragile.<\/p>\n\n\n\n<p>L\u2019opposizione ha scelto l\u2019interruzione; il presidente, la provocazione. Nessuna delle due arti ricostruisce il centro. Entrambe lo erodono.<\/p>\n\n\n\n<p>Alla vigilia di elezioni di medio termine incerte, il discorso ha puntato sulla polarizzazione come motore elettorale. Mobilita i fedeli; raramente convince gli scettici.<\/p>\n\n\n\n<p>La storia ricorder\u00e0 il record di durata. I cittadini, invece, ricorderanno se i prezzi scendono, se le tensioni si raffreddano e se la legge torna a essere strada e non ostacolo.<\/p>\n\n\n\n<p>\u270d\ufe0f \u00a9\ufe0f 2026 Bagnoregio \u2013 All Rights Reserved<\/p>\n\n\n<hr style=\"border: none; height: 1px; background-color: #ccc; margin: 2em 0;\" \/>\n<p><small>\u00a9 2026 SalaStampa.eu, world press service &#8211; All Rights Reserved &#8211;\u00a0 Guzzo Photos &#038; Graphic\u00a0 Publications \u2013 Registro Editori e Stampatori n. 1441 Turin, Italy<\/small><\/p>","protected":false},"excerpt":{"rendered":"<p>Uno Stato dell\u2019Unione trasformato in spettacolo prolungato: retorica da podio, dati scelti e una polarizzazione che mobilita i fedeli lasciando intatte le urgenze quotidiane.<\/p>\n","protected":false},"author":1,"featured_media":420,"comment_status":"closed","ping_status":"closed","sticky":false,"template":"","format":"standard","meta":{"footnotes":"","_links_to":"","_links_to_target":""},"categories":[20,19,12],"tags":[53],"class_list":["post-421","post","type-post","status-publish","format-standard","has-post-thumbnail","hentry","category-20","category-19","category-attualita","tag-usa","entry","simple"],"yoast_head":"<!-- This site is optimized with the Yoast SEO plugin v27.3 - https:\/\/yoast.com\/product\/yoast-seo-wordpress\/ -->\n<title>Il record delle parole, la scarsit\u00e0 degli accordi - SalaStampa.eu<\/title>\n<meta name=\"robots\" content=\"index, follow, max-snippet:-1, max-image-preview:large, max-video-preview:-1\" \/>\n<link rel=\"canonical\" href=\"https:\/\/salastampa.eu\/news\/2026\/02\/25\/il-record-delle-parole-la-scarsita-degli-accordi\/\" \/>\n<meta property=\"og:locale\" content=\"es_ES\" \/>\n<meta property=\"og:type\" content=\"article\" \/>\n<meta property=\"og:title\" content=\"Il record delle parole, la scarsit\u00e0 degli accordi - SalaStampa.eu\" \/>\n<meta property=\"og:description\" content=\"Uno Stato dell\u2019Unione trasformato in spettacolo prolungato: retorica da podio, dati scelti e una polarizzazione che mobilita i fedeli lasciando intatte le urgenze quotidiane.\" \/>\n<meta property=\"og:url\" content=\"https:\/\/salastampa.eu\/news\/2026\/02\/25\/il-record-delle-parole-la-scarsita-degli-accordi\/\" \/>\n<meta property=\"og:site_name\" content=\"SalaStampa.eu\" \/>\n<meta property=\"article:published_time\" content=\"2026-02-25T13:39:32+00:00\" \/>\n<meta property=\"article:modified_time\" content=\"2026-02-25T13:41:42+00:00\" \/>\n<meta property=\"og:image\" content=\"https:\/\/salastampa.eu\/news\/wp-content\/uploads\/2026\/02\/img_1634.jpg\" \/>\n\t<meta property=\"og:image:width\" content=\"768\" \/>\n\t<meta property=\"og:image:height\" content=\"512\" \/>\n\t<meta property=\"og:image:type\" content=\"image\/jpeg\" \/>\n<meta name=\"author\" content=\"World Press Service - Servicio de Prensa Mundial\" \/>\n<meta name=\"twitter:card\" content=\"summary_large_image\" \/>\n<meta name=\"twitter:label1\" content=\"Escrito por\" \/>\n\t<meta name=\"twitter:data1\" content=\"World Press Service - Servicio de Prensa Mundial\" \/>\n\t<meta name=\"twitter:label2\" content=\"Tiempo de lectura\" \/>\n\t<meta name=\"twitter:data2\" content=\"3 minutos\" \/>\n<script type=\"application\/ld+json\" class=\"yoast-schema-graph\">{\"@context\":\"https:\\\/\\\/schema.org\",\"@graph\":[{\"@type\":\"Article\",\"@id\":\"https:\\\/\\\/salastampa.eu\\\/news\\\/2026\\\/02\\\/25\\\/il-record-delle-parole-la-scarsita-degli-accordi\\\/#article\",\"isPartOf\":{\"@id\":\"https:\\\/\\\/salastampa.eu\\\/news\\\/2026\\\/02\\\/25\\\/il-record-delle-parole-la-scarsita-degli-accordi\\\/\"},\"author\":{\"name\":\"World Press Service - Servicio de Prensa Mundial\",\"@id\":\"https:\\\/\\\/salastampa.eu\\\/news\\\/#\\\/schema\\\/person\\\/014e1707efbedbf1a74c9b00a1daab69\"},\"headline\":\"Il record delle parole, la scarsit\u00e0 degli accordi\",\"datePublished\":\"2026-02-25T13:39:32+00:00\",\"dateModified\":\"2026-02-25T13:41:42+00:00\",\"mainEntityOfPage\":{\"@id\":\"https:\\\/\\\/salastampa.eu\\\/news\\\/2026\\\/02\\\/25\\\/il-record-delle-parole-la-scarsita-degli-accordi\\\/\"},\"wordCount\":431,\"publisher\":{\"@id\":\"https:\\\/\\\/salastampa.eu\\\/news\\\/#organization\"},\"image\":{\"@id\":\"https:\\\/\\\/salastampa.eu\\\/news\\\/2026\\\/02\\\/25\\\/il-record-delle-parole-la-scarsita-degli-accordi\\\/#primaryimage\"},\"thumbnailUrl\":\"https:\\\/\\\/salastampa.eu\\\/news\\\/wp-content\\\/uploads\\\/2026\\\/02\\\/img_1634.jpg\",\"keywords\":[\"USA\"],\"articleSection\":[\"--\",\"--\",\"Attualit\u00e0\"],\"inLanguage\":\"es-AR\"},{\"@type\":\"WebPage\",\"@id\":\"https:\\\/\\\/salastampa.eu\\\/news\\\/2026\\\/02\\\/25\\\/il-record-delle-parole-la-scarsita-degli-accordi\\\/\",\"url\":\"https:\\\/\\\/salastampa.eu\\\/news\\\/2026\\\/02\\\/25\\\/il-record-delle-parole-la-scarsita-degli-accordi\\\/\",\"name\":\"Il record delle parole, la scarsit\u00e0 degli accordi - SalaStampa.eu\",\"isPartOf\":{\"@id\":\"https:\\\/\\\/salastampa.eu\\\/news\\\/#website\"},\"primaryImageOfPage\":{\"@id\":\"https:\\\/\\\/salastampa.eu\\\/news\\\/2026\\\/02\\\/25\\\/il-record-delle-parole-la-scarsita-degli-accordi\\\/#primaryimage\"},\"image\":{\"@id\":\"https:\\\/\\\/salastampa.eu\\\/news\\\/2026\\\/02\\\/25\\\/il-record-delle-parole-la-scarsita-degli-accordi\\\/#primaryimage\"},\"thumbnailUrl\":\"https:\\\/\\\/salastampa.eu\\\/news\\\/wp-content\\\/uploads\\\/2026\\\/02\\\/img_1634.jpg\",\"datePublished\":\"2026-02-25T13:39:32+00:00\",\"dateModified\":\"2026-02-25T13:41:42+00:00\",\"breadcrumb\":{\"@id\":\"https:\\\/\\\/salastampa.eu\\\/news\\\/2026\\\/02\\\/25\\\/il-record-delle-parole-la-scarsita-degli-accordi\\\/#breadcrumb\"},\"inLanguage\":\"es-AR\",\"potentialAction\":[{\"@type\":\"ReadAction\",\"target\":[\"https:\\\/\\\/salastampa.eu\\\/news\\\/2026\\\/02\\\/25\\\/il-record-delle-parole-la-scarsita-degli-accordi\\\/\"]}]},{\"@type\":\"ImageObject\",\"inLanguage\":\"es-AR\",\"@id\":\"https:\\\/\\\/salastampa.eu\\\/news\\\/2026\\\/02\\\/25\\\/il-record-delle-parole-la-scarsita-degli-accordi\\\/#primaryimage\",\"url\":\"https:\\\/\\\/salastampa.eu\\\/news\\\/wp-content\\\/uploads\\\/2026\\\/02\\\/img_1634.jpg\",\"contentUrl\":\"https:\\\/\\\/salastampa.eu\\\/news\\\/wp-content\\\/uploads\\\/2026\\\/02\\\/img_1634.jpg\",\"width\":768,\"height\":512},{\"@type\":\"BreadcrumbList\",\"@id\":\"https:\\\/\\\/salastampa.eu\\\/news\\\/2026\\\/02\\\/25\\\/il-record-delle-parole-la-scarsita-degli-accordi\\\/#breadcrumb\",\"itemListElement\":[{\"@type\":\"ListItem\",\"position\":1,\"name\":\"Inicio\",\"item\":\"https:\\\/\\\/salastampa.eu\\\/news\\\/\"},{\"@type\":\"ListItem\",\"position\":2,\"name\":\"Il record delle parole, la scarsit\u00e0 degli accordi\"}]},{\"@type\":\"WebSite\",\"@id\":\"https:\\\/\\\/salastampa.eu\\\/news\\\/#website\",\"url\":\"https:\\\/\\\/salastampa.eu\\\/news\\\/\",\"name\":\"SalaStampa.eu\",\"description\":\"Multilingual Tabloid \\\/ The Dragon Mirror \\\/ The Mediterranean Desk \u2013 Arabic Edition \u2013 SalaStampa \u0627\u0644\u0634\u0631\u0642\",\"publisher\":{\"@id\":\"https:\\\/\\\/salastampa.eu\\\/news\\\/#organization\"},\"potentialAction\":[{\"@type\":\"SearchAction\",\"target\":{\"@type\":\"EntryPoint\",\"urlTemplate\":\"https:\\\/\\\/salastampa.eu\\\/news\\\/?s={search_term_string}\"},\"query-input\":{\"@type\":\"PropertyValueSpecification\",\"valueRequired\":true,\"valueName\":\"search_term_string\"}}],\"inLanguage\":\"es-AR\"},{\"@type\":\"Organization\",\"@id\":\"https:\\\/\\\/salastampa.eu\\\/news\\\/#organization\",\"name\":\"SalaStampa.eu\",\"url\":\"https:\\\/\\\/salastampa.eu\\\/news\\\/\",\"logo\":{\"@type\":\"ImageObject\",\"inLanguage\":\"es-AR\",\"@id\":\"https:\\\/\\\/salastampa.eu\\\/news\\\/#\\\/schema\\\/logo\\\/image\\\/\",\"url\":\"https:\\\/\\\/salastampa.eu\\\/news\\\/wp-content\\\/uploads\\\/2025\\\/06\\\/salastampa_logo_400.png\",\"contentUrl\":\"https:\\\/\\\/salastampa.eu\\\/news\\\/wp-content\\\/uploads\\\/2025\\\/06\\\/salastampa_logo_400.png\",\"width\":400,\"height\":53,\"caption\":\"SalaStampa.eu\"},\"image\":{\"@id\":\"https:\\\/\\\/salastampa.eu\\\/news\\\/#\\\/schema\\\/logo\\\/image\\\/\"}},{\"@type\":\"Person\",\"@id\":\"https:\\\/\\\/salastampa.eu\\\/news\\\/#\\\/schema\\\/person\\\/014e1707efbedbf1a74c9b00a1daab69\",\"name\":\"World Press Service - Servicio de Prensa Mundial\",\"sameAs\":[\"https:\\\/\\\/salastampa.eu\\\/news\"],\"url\":\"https:\\\/\\\/salastampa.eu\\\/news\\\/author\\\/rubines\\\/\"}]}<\/script>\n<!-- \/ Yoast SEO plugin. -->","yoast_head_json":{"title":"Il record delle parole, la scarsit\u00e0 degli accordi - SalaStampa.eu","robots":{"index":"index","follow":"follow","max-snippet":"max-snippet:-1","max-image-preview":"max-image-preview:large","max-video-preview":"max-video-preview:-1"},"canonical":"https:\/\/salastampa.eu\/news\/2026\/02\/25\/il-record-delle-parole-la-scarsita-degli-accordi\/","og_locale":"es_ES","og_type":"article","og_title":"Il record delle parole, la scarsit\u00e0 degli accordi - SalaStampa.eu","og_description":"Uno Stato dell\u2019Unione trasformato in spettacolo prolungato: retorica da podio, dati scelti e una polarizzazione che mobilita i fedeli lasciando intatte le urgenze quotidiane.","og_url":"https:\/\/salastampa.eu\/news\/2026\/02\/25\/il-record-delle-parole-la-scarsita-degli-accordi\/","og_site_name":"SalaStampa.eu","article_published_time":"2026-02-25T13:39:32+00:00","article_modified_time":"2026-02-25T13:41:42+00:00","og_image":[{"width":768,"height":512,"url":"https:\/\/salastampa.eu\/news\/wp-content\/uploads\/2026\/02\/img_1634.jpg","type":"image\/jpeg"}],"author":"World Press Service - Servicio de Prensa Mundial","twitter_card":"summary_large_image","twitter_misc":{"Escrito por":"World Press Service - Servicio de Prensa Mundial","Tiempo de lectura":"3 minutos"},"schema":{"@context":"https:\/\/schema.org","@graph":[{"@type":"Article","@id":"https:\/\/salastampa.eu\/news\/2026\/02\/25\/il-record-delle-parole-la-scarsita-degli-accordi\/#article","isPartOf":{"@id":"https:\/\/salastampa.eu\/news\/2026\/02\/25\/il-record-delle-parole-la-scarsita-degli-accordi\/"},"author":{"name":"World Press Service - Servicio de Prensa Mundial","@id":"https:\/\/salastampa.eu\/news\/#\/schema\/person\/014e1707efbedbf1a74c9b00a1daab69"},"headline":"Il record delle parole, la scarsit\u00e0 degli accordi","datePublished":"2026-02-25T13:39:32+00:00","dateModified":"2026-02-25T13:41:42+00:00","mainEntityOfPage":{"@id":"https:\/\/salastampa.eu\/news\/2026\/02\/25\/il-record-delle-parole-la-scarsita-degli-accordi\/"},"wordCount":431,"publisher":{"@id":"https:\/\/salastampa.eu\/news\/#organization"},"image":{"@id":"https:\/\/salastampa.eu\/news\/2026\/02\/25\/il-record-delle-parole-la-scarsita-degli-accordi\/#primaryimage"},"thumbnailUrl":"https:\/\/salastampa.eu\/news\/wp-content\/uploads\/2026\/02\/img_1634.jpg","keywords":["USA"],"articleSection":["--","--","Attualit\u00e0"],"inLanguage":"es-AR"},{"@type":"WebPage","@id":"https:\/\/salastampa.eu\/news\/2026\/02\/25\/il-record-delle-parole-la-scarsita-degli-accordi\/","url":"https:\/\/salastampa.eu\/news\/2026\/02\/25\/il-record-delle-parole-la-scarsita-degli-accordi\/","name":"Il record delle parole, la scarsit\u00e0 degli accordi - SalaStampa.eu","isPartOf":{"@id":"https:\/\/salastampa.eu\/news\/#website"},"primaryImageOfPage":{"@id":"https:\/\/salastampa.eu\/news\/2026\/02\/25\/il-record-delle-parole-la-scarsita-degli-accordi\/#primaryimage"},"image":{"@id":"https:\/\/salastampa.eu\/news\/2026\/02\/25\/il-record-delle-parole-la-scarsita-degli-accordi\/#primaryimage"},"thumbnailUrl":"https:\/\/salastampa.eu\/news\/wp-content\/uploads\/2026\/02\/img_1634.jpg","datePublished":"2026-02-25T13:39:32+00:00","dateModified":"2026-02-25T13:41:42+00:00","breadcrumb":{"@id":"https:\/\/salastampa.eu\/news\/2026\/02\/25\/il-record-delle-parole-la-scarsita-degli-accordi\/#breadcrumb"},"inLanguage":"es-AR","potentialAction":[{"@type":"ReadAction","target":["https:\/\/salastampa.eu\/news\/2026\/02\/25\/il-record-delle-parole-la-scarsita-degli-accordi\/"]}]},{"@type":"ImageObject","inLanguage":"es-AR","@id":"https:\/\/salastampa.eu\/news\/2026\/02\/25\/il-record-delle-parole-la-scarsita-degli-accordi\/#primaryimage","url":"https:\/\/salastampa.eu\/news\/wp-content\/uploads\/2026\/02\/img_1634.jpg","contentUrl":"https:\/\/salastampa.eu\/news\/wp-content\/uploads\/2026\/02\/img_1634.jpg","width":768,"height":512},{"@type":"BreadcrumbList","@id":"https:\/\/salastampa.eu\/news\/2026\/02\/25\/il-record-delle-parole-la-scarsita-degli-accordi\/#breadcrumb","itemListElement":[{"@type":"ListItem","position":1,"name":"Inicio","item":"https:\/\/salastampa.eu\/news\/"},{"@type":"ListItem","position":2,"name":"Il record delle parole, la scarsit\u00e0 degli accordi"}]},{"@type":"WebSite","@id":"https:\/\/salastampa.eu\/news\/#website","url":"https:\/\/salastampa.eu\/news\/","name":"SalaStampa.eu","description":"Multilingual Tabloid \/ The Dragon Mirror \/ The Mediterranean Desk \u2013 Arabic Edition \u2013 SalaStampa \u0627\u0644\u0634\u0631\u0642","publisher":{"@id":"https:\/\/salastampa.eu\/news\/#organization"},"potentialAction":[{"@type":"SearchAction","target":{"@type":"EntryPoint","urlTemplate":"https:\/\/salastampa.eu\/news\/?s={search_term_string}"},"query-input":{"@type":"PropertyValueSpecification","valueRequired":true,"valueName":"search_term_string"}}],"inLanguage":"es-AR"},{"@type":"Organization","@id":"https:\/\/salastampa.eu\/news\/#organization","name":"SalaStampa.eu","url":"https:\/\/salastampa.eu\/news\/","logo":{"@type":"ImageObject","inLanguage":"es-AR","@id":"https:\/\/salastampa.eu\/news\/#\/schema\/logo\/image\/","url":"https:\/\/salastampa.eu\/news\/wp-content\/uploads\/2025\/06\/salastampa_logo_400.png","contentUrl":"https:\/\/salastampa.eu\/news\/wp-content\/uploads\/2025\/06\/salastampa_logo_400.png","width":400,"height":53,"caption":"SalaStampa.eu"},"image":{"@id":"https:\/\/salastampa.eu\/news\/#\/schema\/logo\/image\/"}},{"@type":"Person","@id":"https:\/\/salastampa.eu\/news\/#\/schema\/person\/014e1707efbedbf1a74c9b00a1daab69","name":"World Press Service - Servicio de Prensa Mundial","sameAs":["https:\/\/salastampa.eu\/news"],"url":"https:\/\/salastampa.eu\/news\/author\/rubines\/"}]}},"views":92,"_links":{"self":[{"href":"https:\/\/salastampa.eu\/news\/wp-json\/wp\/v2\/posts\/421","targetHints":{"allow":["GET"]}}],"collection":[{"href":"https:\/\/salastampa.eu\/news\/wp-json\/wp\/v2\/posts"}],"about":[{"href":"https:\/\/salastampa.eu\/news\/wp-json\/wp\/v2\/types\/post"}],"author":[{"embeddable":true,"href":"https:\/\/salastampa.eu\/news\/wp-json\/wp\/v2\/users\/1"}],"replies":[{"embeddable":true,"href":"https:\/\/salastampa.eu\/news\/wp-json\/wp\/v2\/comments?post=421"}],"version-history":[{"count":0,"href":"https:\/\/salastampa.eu\/news\/wp-json\/wp\/v2\/posts\/421\/revisions"}],"wp:featuredmedia":[{"embeddable":true,"href":"https:\/\/salastampa.eu\/news\/wp-json\/wp\/v2\/media\/420"}],"wp:attachment":[{"href":"https:\/\/salastampa.eu\/news\/wp-json\/wp\/v2\/media?parent=421"}],"wp:term":[{"taxonomy":"category","embeddable":true,"href":"https:\/\/salastampa.eu\/news\/wp-json\/wp\/v2\/categories?post=421"},{"taxonomy":"post_tag","embeddable":true,"href":"https:\/\/salastampa.eu\/news\/wp-json\/wp\/v2\/tags?post=421"}],"curies":[{"name":"wp","href":"https:\/\/api.w.org\/{rel}","templated":true}]}}