{"id":423,"date":"2026-02-25T11:07:15","date_gmt":"2026-02-25T14:07:15","guid":{"rendered":"https:\/\/salastampa.eu\/news\/?p=423"},"modified":"2026-02-25T11:09:15","modified_gmt":"2026-02-25T14:09:15","slug":"le-record-des-mots-la-penurie-daccords","status":"publish","type":"post","link":"https:\/\/salastampa.eu\/news\/2026\/02\/25\/le-record-des-mots-la-penurie-daccords\/","title":{"rendered":"Le record des mots, la p\u00e9nurie d\u2019accords"},"content":{"rendered":"\n<figure class=\"wp-block-image size-full\"><img loading=\"lazy\" decoding=\"async\" width=\"768\" height=\"512\" src=\"https:\/\/salastampa.eu\/news\/wp-content\/uploads\/2026\/02\/img_1634.jpg\" alt=\"\" class=\"wp-image-420\" srcset=\"https:\/\/salastampa.eu\/news\/wp-content\/uploads\/2026\/02\/img_1634.jpg 768w, https:\/\/salastampa.eu\/news\/wp-content\/uploads\/2026\/02\/img_1634-300x200.jpg 300w\" sizes=\"auto, (max-width: 768px) 100vw, 768px\" \/><\/figure>\n\n\n\n<p>Deux heures de mots ne rendent pas un pays plus habitable ; parfois, elles le rendent simplement plus bruyant. Le dernier discours sur l\u2019\u00e9tat de l\u2019Union de Donald Trump a battu un record de dur\u00e9e et confirm\u00e9 une vieille maxime : la longueur a peu de rapport avec la pr\u00e9cision du diagnostic.<\/p>\n\n\n\n<p>La sc\u00e8ne \u00e9tait \u00e9loquente : hu\u00e9es d\u00e9mocrates, applaudissements r\u00e9publicains, et un pr\u00e9sident qui semble se nourrir du contraste. La politique, \u00e9lev\u00e9e au rang de th\u00e9\u00e2tre, trouve dans la friction son carburant pr\u00e9f\u00e9r\u00e9.<\/p>\n\n\n\n<p>Trump a proclam\u00e9 une nation \u00ab plus grande, meilleure, plus riche et plus forte \u00bb. La formule est parfaite comme slogan ; beaucoup moins comme bilan. Les indicateurs s\u2019am\u00e9liorent peut-\u00eatre, mais la vie quotidienne reste ch\u00e8re pour des millions de personnes qui ne vivent pas de statistiques.<\/p>\n\n\n\n<p>L\u2019inflation recule, certes ; la patience des citoyens, moins. Entre le ticket de caisse et l\u2019\u00e9pop\u00e9e de la tribune s\u2019\u00e9tire une distance qu\u2019aucun adjectif pr\u00e9sidentiel ne parvient \u00e0 r\u00e9duire.<\/p>\n\n\n\n<p>Sur l\u2019immigration, la chor\u00e9graphie \u00e9tait pr\u00e9visible : la fronti\u00e8re \u00e9rig\u00e9e en m\u00e9taphore totale, le Congr\u00e8s invit\u00e9 \u00e0 se lever comme si la politique publique relevait de la gymnastique morale. Le geste simplifie ; la r\u00e9alit\u00e9 r\u00e9siste.<\/p>\n\n\n\n<p>L\u2019avertissement adress\u00e9 \u00e0 l\u2019Iran a ajout\u00e9 la gravit\u00e9 qu\u2019impose le moment international. La fermet\u00e9 est une vertu ; la grandiloquence, un risque. Quand la dissuasion se confond avec le th\u00e9\u00e2tre, la prudence reste sans micro.<\/p>\n\n\n\n<p>Les r\u00e9centes d\u00e9faites judiciaires affleuraient entre les lignes. La tentation des raccourcis gouvernementaux persiste, tandis que les contre-pouvoirs rappellent, calmement mais fermement, que l\u2019architecture institutionnelle ne s\u2019improvise pas.<\/p>\n\n\n\n<p>Parler \u00e0 quelques m\u00e8tres de la Cour supr\u00eame tout en cherchant des voies de contournement r\u00e9v\u00e8le un paradoxe : r\u00e9clamer le respect des r\u00e8gles tout en les traitant comme un d\u00e9cor. La l\u00e9galit\u00e9 est plus efficace comme m\u00e9thode que comme mise en sc\u00e8ne.<\/p>\n\n\n\n<p>L\u2019\u00e9pisode v\u00e9n\u00e9zu\u00e9lien, exhib\u00e9 comme un troph\u00e9e, a soulign\u00e9 la pr\u00e9f\u00e9rence pour le geste symbolique au d\u00e9triment de l\u2019explication sobre. La politique \u00e9trang\u00e8re, racont\u00e9e comme une \u00e9pop\u00e9e instantan\u00e9e, pr\u00e9sente l\u2019addition plus tard.<\/p>\n\n\n\n<p>Le Capitole est devenu le miroir d\u2019un pays qui d\u00e9bat \u00e0 voix haute et vote avec le corps : certains debout, d\u2019autres assis. L\u2019image est forte ; la coexistence d\u00e9mocratique, fragile.<\/p>\n\n\n\n<p>L\u2019opposition a choisi l\u2019interruption ; le pr\u00e9sident, la provocation. Aucun des deux arts ne reconstruit le centre. Tous deux l\u2019\u00e9rodent.<\/p>\n\n\n\n<p>\u00c0 la veille d\u2019\u00e9lections de mi-mandat incertaines, le discours a mis\u00e9 sur la polarisation comme moteur \u00e9lectoral. Elle mobilise les fid\u00e8les ; elle convainc rarement les sceptiques.<\/p>\n\n\n\n<p>L\u2019histoire retiendra le record de dur\u00e9e. Les citoyens, eux, retiendront si les prix baissent, si les tensions s\u2019apaisent et si la loi redevient un chemin plut\u00f4t qu\u2019un obstacle.<\/p>\n\n\n\n<p>\u270d\ufe0f \u00a9\ufe0f 2026 Bagnoregio \u2013 All Rights Reserved<\/p>\n\n\n<hr style=\"border: none; height: 1px; background-color: #ccc; margin: 2em 0;\" \/>\n<p><small>\u00a9 2026 SalaStampa.eu, world press service &#8211; All Rights Reserved &#8211;\u00a0 Guzzo Photos &#038; Graphic\u00a0 Publications \u2013 Registro Editori e Stampatori n. 1441 Turin, Italy<\/small><\/p>","protected":false},"excerpt":{"rendered":"<p>Un discours sur l\u2019\u00e9tat de l\u2019Union \u00e9tir\u00e9 jusqu\u2019au spectacle : \u00e9pique de tribune, chiffres choisis et une polarisation qui mobilise les fid\u00e8les en laissant intactes les urgences du quotidien.<\/p>\n","protected":false},"author":1,"featured_media":420,"comment_status":"closed","ping_status":"closed","sticky":false,"template":"","format":"standard","meta":{"footnotes":"","_links_to":"","_links_to_target":""},"categories":[20,19,13],"tags":[78],"class_list":["post-423","post","type-post","status-publish","format-standard","has-post-thumbnail","hentry","category-20","category-19","category-actualite","tag-etats-unis-damerique","entry","simple"],"yoast_head":"<!-- This site is optimized with the Yoast SEO plugin v27.3 - https:\/\/yoast.com\/product\/yoast-seo-wordpress\/ -->\n<title>Le record des mots, la p\u00e9nurie d\u2019accords - SalaStampa.eu<\/title>\n<meta name=\"robots\" content=\"index, follow, max-snippet:-1, max-image-preview:large, max-video-preview:-1\" \/>\n<link rel=\"canonical\" href=\"https:\/\/salastampa.eu\/news\/2026\/02\/25\/le-record-des-mots-la-penurie-daccords\/\" \/>\n<meta property=\"og:locale\" content=\"es_ES\" \/>\n<meta property=\"og:type\" content=\"article\" \/>\n<meta property=\"og:title\" content=\"Le record des mots, la p\u00e9nurie d\u2019accords - SalaStampa.eu\" \/>\n<meta property=\"og:description\" content=\"Un discours sur l\u2019\u00e9tat de l\u2019Union \u00e9tir\u00e9 jusqu\u2019au spectacle : \u00e9pique de tribune, chiffres choisis et une polarisation qui mobilise les fid\u00e8les en laissant intactes les urgences du quotidien.\" \/>\n<meta property=\"og:url\" content=\"https:\/\/salastampa.eu\/news\/2026\/02\/25\/le-record-des-mots-la-penurie-daccords\/\" \/>\n<meta property=\"og:site_name\" content=\"SalaStampa.eu\" \/>\n<meta property=\"article:published_time\" content=\"2026-02-25T14:07:15+00:00\" \/>\n<meta property=\"article:modified_time\" content=\"2026-02-25T14:09:15+00:00\" \/>\n<meta property=\"og:image\" content=\"https:\/\/salastampa.eu\/news\/wp-content\/uploads\/2026\/02\/img_1634.jpg\" \/>\n\t<meta property=\"og:image:width\" content=\"768\" \/>\n\t<meta property=\"og:image:height\" content=\"512\" \/>\n\t<meta property=\"og:image:type\" content=\"image\/jpeg\" \/>\n<meta name=\"author\" content=\"World Press Service - Servicio de Prensa Mundial\" \/>\n<meta name=\"twitter:card\" content=\"summary_large_image\" \/>\n<meta name=\"twitter:label1\" content=\"Escrito por\" \/>\n\t<meta name=\"twitter:data1\" content=\"World Press Service - Servicio de Prensa Mundial\" \/>\n\t<meta name=\"twitter:label2\" content=\"Tiempo de lectura\" \/>\n\t<meta name=\"twitter:data2\" content=\"3 minutos\" \/>\n<script type=\"application\/ld+json\" class=\"yoast-schema-graph\">{\"@context\":\"https:\\\/\\\/schema.org\",\"@graph\":[{\"@type\":\"Article\",\"@id\":\"https:\\\/\\\/salastampa.eu\\\/news\\\/2026\\\/02\\\/25\\\/le-record-des-mots-la-penurie-daccords\\\/#article\",\"isPartOf\":{\"@id\":\"https:\\\/\\\/salastampa.eu\\\/news\\\/2026\\\/02\\\/25\\\/le-record-des-mots-la-penurie-daccords\\\/\"},\"author\":{\"name\":\"World Press Service - Servicio de Prensa Mundial\",\"@id\":\"https:\\\/\\\/salastampa.eu\\\/news\\\/#\\\/schema\\\/person\\\/014e1707efbedbf1a74c9b00a1daab69\"},\"headline\":\"Le record des mots, la p\u00e9nurie d\u2019accords\",\"datePublished\":\"2026-02-25T14:07:15+00:00\",\"dateModified\":\"2026-02-25T14:09:15+00:00\",\"mainEntityOfPage\":{\"@id\":\"https:\\\/\\\/salastampa.eu\\\/news\\\/2026\\\/02\\\/25\\\/le-record-des-mots-la-penurie-daccords\\\/\"},\"wordCount\":534,\"publisher\":{\"@id\":\"https:\\\/\\\/salastampa.eu\\\/news\\\/#organization\"},\"image\":{\"@id\":\"https:\\\/\\\/salastampa.eu\\\/news\\\/2026\\\/02\\\/25\\\/le-record-des-mots-la-penurie-daccords\\\/#primaryimage\"},\"thumbnailUrl\":\"https:\\\/\\\/salastampa.eu\\\/news\\\/wp-content\\\/uploads\\\/2026\\\/02\\\/img_1634.jpg\",\"keywords\":[\"\u0118tats-Unis d'Am\u00e9rique\"],\"articleSection\":[\"--\",\"--\",\"Actualit\u00e9\"],\"inLanguage\":\"es-AR\"},{\"@type\":\"WebPage\",\"@id\":\"https:\\\/\\\/salastampa.eu\\\/news\\\/2026\\\/02\\\/25\\\/le-record-des-mots-la-penurie-daccords\\\/\",\"url\":\"https:\\\/\\\/salastampa.eu\\\/news\\\/2026\\\/02\\\/25\\\/le-record-des-mots-la-penurie-daccords\\\/\",\"name\":\"Le record des mots, la p\u00e9nurie d\u2019accords - SalaStampa.eu\",\"isPartOf\":{\"@id\":\"https:\\\/\\\/salastampa.eu\\\/news\\\/#website\"},\"primaryImageOfPage\":{\"@id\":\"https:\\\/\\\/salastampa.eu\\\/news\\\/2026\\\/02\\\/25\\\/le-record-des-mots-la-penurie-daccords\\\/#primaryimage\"},\"image\":{\"@id\":\"https:\\\/\\\/salastampa.eu\\\/news\\\/2026\\\/02\\\/25\\\/le-record-des-mots-la-penurie-daccords\\\/#primaryimage\"},\"thumbnailUrl\":\"https:\\\/\\\/salastampa.eu\\\/news\\\/wp-content\\\/uploads\\\/2026\\\/02\\\/img_1634.jpg\",\"datePublished\":\"2026-02-25T14:07:15+00:00\",\"dateModified\":\"2026-02-25T14:09:15+00:00\",\"breadcrumb\":{\"@id\":\"https:\\\/\\\/salastampa.eu\\\/news\\\/2026\\\/02\\\/25\\\/le-record-des-mots-la-penurie-daccords\\\/#breadcrumb\"},\"inLanguage\":\"es-AR\",\"potentialAction\":[{\"@type\":\"ReadAction\",\"target\":[\"https:\\\/\\\/salastampa.eu\\\/news\\\/2026\\\/02\\\/25\\\/le-record-des-mots-la-penurie-daccords\\\/\"]}]},{\"@type\":\"ImageObject\",\"inLanguage\":\"es-AR\",\"@id\":\"https:\\\/\\\/salastampa.eu\\\/news\\\/2026\\\/02\\\/25\\\/le-record-des-mots-la-penurie-daccords\\\/#primaryimage\",\"url\":\"https:\\\/\\\/salastampa.eu\\\/news\\\/wp-content\\\/uploads\\\/2026\\\/02\\\/img_1634.jpg\",\"contentUrl\":\"https:\\\/\\\/salastampa.eu\\\/news\\\/wp-content\\\/uploads\\\/2026\\\/02\\\/img_1634.jpg\",\"width\":768,\"height\":512},{\"@type\":\"BreadcrumbList\",\"@id\":\"https:\\\/\\\/salastampa.eu\\\/news\\\/2026\\\/02\\\/25\\\/le-record-des-mots-la-penurie-daccords\\\/#breadcrumb\",\"itemListElement\":[{\"@type\":\"ListItem\",\"position\":1,\"name\":\"Inicio\",\"item\":\"https:\\\/\\\/salastampa.eu\\\/news\\\/\"},{\"@type\":\"ListItem\",\"position\":2,\"name\":\"Le record des mots, la p\u00e9nurie d\u2019accords\"}]},{\"@type\":\"WebSite\",\"@id\":\"https:\\\/\\\/salastampa.eu\\\/news\\\/#website\",\"url\":\"https:\\\/\\\/salastampa.eu\\\/news\\\/\",\"name\":\"SalaStampa.eu\",\"description\":\"Multilingual Tabloid \\\/ The Dragon Mirror \\\/ The Mediterranean Desk \u2013 Arabic Edition \u2013 SalaStampa \u0627\u0644\u0634\u0631\u0642\",\"publisher\":{\"@id\":\"https:\\\/\\\/salastampa.eu\\\/news\\\/#organization\"},\"potentialAction\":[{\"@type\":\"SearchAction\",\"target\":{\"@type\":\"EntryPoint\",\"urlTemplate\":\"https:\\\/\\\/salastampa.eu\\\/news\\\/?s={search_term_string}\"},\"query-input\":{\"@type\":\"PropertyValueSpecification\",\"valueRequired\":true,\"valueName\":\"search_term_string\"}}],\"inLanguage\":\"es-AR\"},{\"@type\":\"Organization\",\"@id\":\"https:\\\/\\\/salastampa.eu\\\/news\\\/#organization\",\"name\":\"SalaStampa.eu\",\"url\":\"https:\\\/\\\/salastampa.eu\\\/news\\\/\",\"logo\":{\"@type\":\"ImageObject\",\"inLanguage\":\"es-AR\",\"@id\":\"https:\\\/\\\/salastampa.eu\\\/news\\\/#\\\/schema\\\/logo\\\/image\\\/\",\"url\":\"https:\\\/\\\/salastampa.eu\\\/news\\\/wp-content\\\/uploads\\\/2025\\\/06\\\/salastampa_logo_400.png\",\"contentUrl\":\"https:\\\/\\\/salastampa.eu\\\/news\\\/wp-content\\\/uploads\\\/2025\\\/06\\\/salastampa_logo_400.png\",\"width\":400,\"height\":53,\"caption\":\"SalaStampa.eu\"},\"image\":{\"@id\":\"https:\\\/\\\/salastampa.eu\\\/news\\\/#\\\/schema\\\/logo\\\/image\\\/\"}},{\"@type\":\"Person\",\"@id\":\"https:\\\/\\\/salastampa.eu\\\/news\\\/#\\\/schema\\\/person\\\/014e1707efbedbf1a74c9b00a1daab69\",\"name\":\"World Press Service - Servicio de Prensa Mundial\",\"sameAs\":[\"https:\\\/\\\/salastampa.eu\\\/news\"],\"url\":\"https:\\\/\\\/salastampa.eu\\\/news\\\/author\\\/rubines\\\/\"}]}<\/script>\n<!-- \/ Yoast SEO plugin. -->","yoast_head_json":{"title":"Le record des mots, la p\u00e9nurie d\u2019accords - SalaStampa.eu","robots":{"index":"index","follow":"follow","max-snippet":"max-snippet:-1","max-image-preview":"max-image-preview:large","max-video-preview":"max-video-preview:-1"},"canonical":"https:\/\/salastampa.eu\/news\/2026\/02\/25\/le-record-des-mots-la-penurie-daccords\/","og_locale":"es_ES","og_type":"article","og_title":"Le record des mots, la p\u00e9nurie d\u2019accords - SalaStampa.eu","og_description":"Un discours sur l\u2019\u00e9tat de l\u2019Union \u00e9tir\u00e9 jusqu\u2019au spectacle : \u00e9pique de tribune, chiffres choisis et une polarisation qui mobilise les fid\u00e8les en laissant intactes les urgences du quotidien.","og_url":"https:\/\/salastampa.eu\/news\/2026\/02\/25\/le-record-des-mots-la-penurie-daccords\/","og_site_name":"SalaStampa.eu","article_published_time":"2026-02-25T14:07:15+00:00","article_modified_time":"2026-02-25T14:09:15+00:00","og_image":[{"width":768,"height":512,"url":"https:\/\/salastampa.eu\/news\/wp-content\/uploads\/2026\/02\/img_1634.jpg","type":"image\/jpeg"}],"author":"World Press Service - Servicio de Prensa Mundial","twitter_card":"summary_large_image","twitter_misc":{"Escrito por":"World Press Service - Servicio de Prensa Mundial","Tiempo de lectura":"3 minutos"},"schema":{"@context":"https:\/\/schema.org","@graph":[{"@type":"Article","@id":"https:\/\/salastampa.eu\/news\/2026\/02\/25\/le-record-des-mots-la-penurie-daccords\/#article","isPartOf":{"@id":"https:\/\/salastampa.eu\/news\/2026\/02\/25\/le-record-des-mots-la-penurie-daccords\/"},"author":{"name":"World Press Service - Servicio de Prensa Mundial","@id":"https:\/\/salastampa.eu\/news\/#\/schema\/person\/014e1707efbedbf1a74c9b00a1daab69"},"headline":"Le record des mots, la p\u00e9nurie d\u2019accords","datePublished":"2026-02-25T14:07:15+00:00","dateModified":"2026-02-25T14:09:15+00:00","mainEntityOfPage":{"@id":"https:\/\/salastampa.eu\/news\/2026\/02\/25\/le-record-des-mots-la-penurie-daccords\/"},"wordCount":534,"publisher":{"@id":"https:\/\/salastampa.eu\/news\/#organization"},"image":{"@id":"https:\/\/salastampa.eu\/news\/2026\/02\/25\/le-record-des-mots-la-penurie-daccords\/#primaryimage"},"thumbnailUrl":"https:\/\/salastampa.eu\/news\/wp-content\/uploads\/2026\/02\/img_1634.jpg","keywords":["\u0118tats-Unis d'Am\u00e9rique"],"articleSection":["--","--","Actualit\u00e9"],"inLanguage":"es-AR"},{"@type":"WebPage","@id":"https:\/\/salastampa.eu\/news\/2026\/02\/25\/le-record-des-mots-la-penurie-daccords\/","url":"https:\/\/salastampa.eu\/news\/2026\/02\/25\/le-record-des-mots-la-penurie-daccords\/","name":"Le record des mots, la p\u00e9nurie d\u2019accords - SalaStampa.eu","isPartOf":{"@id":"https:\/\/salastampa.eu\/news\/#website"},"primaryImageOfPage":{"@id":"https:\/\/salastampa.eu\/news\/2026\/02\/25\/le-record-des-mots-la-penurie-daccords\/#primaryimage"},"image":{"@id":"https:\/\/salastampa.eu\/news\/2026\/02\/25\/le-record-des-mots-la-penurie-daccords\/#primaryimage"},"thumbnailUrl":"https:\/\/salastampa.eu\/news\/wp-content\/uploads\/2026\/02\/img_1634.jpg","datePublished":"2026-02-25T14:07:15+00:00","dateModified":"2026-02-25T14:09:15+00:00","breadcrumb":{"@id":"https:\/\/salastampa.eu\/news\/2026\/02\/25\/le-record-des-mots-la-penurie-daccords\/#breadcrumb"},"inLanguage":"es-AR","potentialAction":[{"@type":"ReadAction","target":["https:\/\/salastampa.eu\/news\/2026\/02\/25\/le-record-des-mots-la-penurie-daccords\/"]}]},{"@type":"ImageObject","inLanguage":"es-AR","@id":"https:\/\/salastampa.eu\/news\/2026\/02\/25\/le-record-des-mots-la-penurie-daccords\/#primaryimage","url":"https:\/\/salastampa.eu\/news\/wp-content\/uploads\/2026\/02\/img_1634.jpg","contentUrl":"https:\/\/salastampa.eu\/news\/wp-content\/uploads\/2026\/02\/img_1634.jpg","width":768,"height":512},{"@type":"BreadcrumbList","@id":"https:\/\/salastampa.eu\/news\/2026\/02\/25\/le-record-des-mots-la-penurie-daccords\/#breadcrumb","itemListElement":[{"@type":"ListItem","position":1,"name":"Inicio","item":"https:\/\/salastampa.eu\/news\/"},{"@type":"ListItem","position":2,"name":"Le record des mots, la p\u00e9nurie d\u2019accords"}]},{"@type":"WebSite","@id":"https:\/\/salastampa.eu\/news\/#website","url":"https:\/\/salastampa.eu\/news\/","name":"SalaStampa.eu","description":"Multilingual Tabloid \/ The Dragon Mirror \/ The Mediterranean Desk \u2013 Arabic Edition \u2013 SalaStampa \u0627\u0644\u0634\u0631\u0642","publisher":{"@id":"https:\/\/salastampa.eu\/news\/#organization"},"potentialAction":[{"@type":"SearchAction","target":{"@type":"EntryPoint","urlTemplate":"https:\/\/salastampa.eu\/news\/?s={search_term_string}"},"query-input":{"@type":"PropertyValueSpecification","valueRequired":true,"valueName":"search_term_string"}}],"inLanguage":"es-AR"},{"@type":"Organization","@id":"https:\/\/salastampa.eu\/news\/#organization","name":"SalaStampa.eu","url":"https:\/\/salastampa.eu\/news\/","logo":{"@type":"ImageObject","inLanguage":"es-AR","@id":"https:\/\/salastampa.eu\/news\/#\/schema\/logo\/image\/","url":"https:\/\/salastampa.eu\/news\/wp-content\/uploads\/2025\/06\/salastampa_logo_400.png","contentUrl":"https:\/\/salastampa.eu\/news\/wp-content\/uploads\/2025\/06\/salastampa_logo_400.png","width":400,"height":53,"caption":"SalaStampa.eu"},"image":{"@id":"https:\/\/salastampa.eu\/news\/#\/schema\/logo\/image\/"}},{"@type":"Person","@id":"https:\/\/salastampa.eu\/news\/#\/schema\/person\/014e1707efbedbf1a74c9b00a1daab69","name":"World Press Service - Servicio de Prensa Mundial","sameAs":["https:\/\/salastampa.eu\/news"],"url":"https:\/\/salastampa.eu\/news\/author\/rubines\/"}]}},"views":88,"_links":{"self":[{"href":"https:\/\/salastampa.eu\/news\/wp-json\/wp\/v2\/posts\/423","targetHints":{"allow":["GET"]}}],"collection":[{"href":"https:\/\/salastampa.eu\/news\/wp-json\/wp\/v2\/posts"}],"about":[{"href":"https:\/\/salastampa.eu\/news\/wp-json\/wp\/v2\/types\/post"}],"author":[{"embeddable":true,"href":"https:\/\/salastampa.eu\/news\/wp-json\/wp\/v2\/users\/1"}],"replies":[{"embeddable":true,"href":"https:\/\/salastampa.eu\/news\/wp-json\/wp\/v2\/comments?post=423"}],"version-history":[{"count":0,"href":"https:\/\/salastampa.eu\/news\/wp-json\/wp\/v2\/posts\/423\/revisions"}],"wp:featuredmedia":[{"embeddable":true,"href":"https:\/\/salastampa.eu\/news\/wp-json\/wp\/v2\/media\/420"}],"wp:attachment":[{"href":"https:\/\/salastampa.eu\/news\/wp-json\/wp\/v2\/media?parent=423"}],"wp:term":[{"taxonomy":"category","embeddable":true,"href":"https:\/\/salastampa.eu\/news\/wp-json\/wp\/v2\/categories?post=423"},{"taxonomy":"post_tag","embeddable":true,"href":"https:\/\/salastampa.eu\/news\/wp-json\/wp\/v2\/tags?post=423"}],"curies":[{"name":"wp","href":"https:\/\/api.w.org\/{rel}","templated":true}]}}