{"id":444,"date":"2026-03-05T11:43:58","date_gmt":"2026-03-05T14:43:58","guid":{"rendered":"https:\/\/salastampa.eu\/news\/?p=444"},"modified":"2026-03-05T11:43:59","modified_gmt":"2026-03-05T14:43:59","slug":"guerra-iran","status":"publish","type":"post","link":"https:\/\/salastampa.eu\/news\/2026\/03\/05\/guerra-iran\/","title":{"rendered":"Diplomacia y lucha de poder bajo la sombra del Golfo"},"content":{"rendered":"\n<figure class=\"wp-block-image size-full\"><img loading=\"lazy\" decoding=\"async\" width=\"600\" height=\"400\" src=\"https:\/\/salastampa.eu\/news\/wp-content\/uploads\/2026\/03\/aerbase.jpg\" alt=\"\" class=\"wp-image-442\" srcset=\"https:\/\/salastampa.eu\/news\/wp-content\/uploads\/2026\/03\/aerbase.jpg 600w, https:\/\/salastampa.eu\/news\/wp-content\/uploads\/2026\/03\/aerbase-300x200.jpg 300w\" sizes=\"auto, (max-width: 600px) 100vw, 600px\" \/><\/figure>\n\n\n\n<p>La guerra que se despliega entre Israel e Ir\u00e1n entra en su sexto d\u00eda con una sensaci\u00f3n cada vez m\u00e1s clara de que el conflicto ya ha dejado de ser estrictamente bilateral. Las operaciones a\u00e9reas israel\u00edes contin\u00faan al amanecer, mientras Teher\u00e1n intenta demostrar capacidad de respuesta m\u00e1s all\u00e1 de su propio territorio. La narrativa iran\u00ed sobre el supuesto impacto a un petrolero estadounidense en el Golfo, junto con la afirmaci\u00f3n de \u201ccontrol total\u201d del Estrecho de Ormuz, apunta a un mensaje estrat\u00e9gico: el conflicto puede alterar una de las arterias energ\u00e9ticas m\u00e1s sensibles del planeta.<\/p>\n\n\n\n<p>La dimensi\u00f3n regional se ampl\u00eda con rapidez. Los informes sobre ataques con drones contra el aeropuerto de Najichev\u00e1n, en Azerbaiy\u00e1n, muestran c\u00f3mo la geograf\u00eda del conflicto puede extenderse a espacios perif\u00e9ricos pero estrat\u00e9gicamente delicados, donde se cruzan intereses de Turqu\u00eda, Rusia e Ir\u00e1n. Aunque Teher\u00e1n niega algunas acusaciones, el simple hecho de que estas se produzcan refleja la volatilidad creciente en torno al C\u00e1ucaso y Oriente Medio.<\/p>\n\n\n\n<p>En paralelo, las capitales occidentales comienzan a preparar el terreno para una fase potencialmente m\u00e1s amplia de la crisis. La autorizaci\u00f3n para que aviones estadounidenses utilicen instalaciones francesas, aunque limitada a funciones de apoyo y no de combate, revela un patr\u00f3n conocido: los aliados de Washington ajustan discretamente su arquitectura log\u00edstica antes de cualquier escalada abierta.<\/p>\n\n\n\n<p>Europa, por su parte, intenta equilibrar dos impulsos que no siempre resultan compatibles. Por un lado, la necesidad de respaldar a sus socios regionales y proteger la libertad de navegaci\u00f3n, una prioridad econ\u00f3mica y estrat\u00e9gica evidente. Por otro, el deseo de evitar un conflicto regional que podr\u00eda tener consecuencias imprevisibles para la seguridad energ\u00e9tica, las migraciones y la estabilidad pol\u00edtica en el Mediterr\u00e1neo.<\/p>\n\n\n\n<p>La coordinaci\u00f3n entre Par\u00eds, Roma y Atenas para reforzar la seguridad en Chipre y el Mediterr\u00e1neo oriental refleja esa l\u00f3gica. Chipre se convierte nuevamente en un punto de apoyo estrat\u00e9gico, no tanto como plataforma ofensiva sino como centro de vigilancia y proyecci\u00f3n log\u00edstica hacia una regi\u00f3n cada vez m\u00e1s inestable.<\/p>\n\n\n\n<p>Mientras tanto, en el propio Ir\u00e1n se abre un frente pol\u00edtico interno de enorme relevancia. La Asamblea de Expertos se re\u00fane para elegir un nuevo l\u00edder supremo tras la muerte de Al\u00ed Jamenei, en un contexto de presi\u00f3n intensa por parte de la Guardia Revolucionaria. La posible designaci\u00f3n de Mojtaba Jamenei, hijo del l\u00edder fallecido, reabre un debate inc\u00f3modo sobre la naturaleza del sistema pol\u00edtico iran\u00ed y sus equilibrios internos.<\/p>\n\n\n\n<p>En ese sentido, la guerra externa coincide con un momento delicado de transici\u00f3n en la c\u00faspide del poder iran\u00ed. Para la Guardia Revolucionaria, acelerar la sucesi\u00f3n podr\u00eda ofrecer una apariencia de continuidad institucional en medio de la crisis. Para otros sectores del establishment religioso, sin embargo, la idea de una sucesi\u00f3n casi din\u00e1stica amenaza con erosionar la legitimidad de la rep\u00fablica isl\u00e1mica.<\/p>\n\n\n\n<p>El frente diplom\u00e1tico internacional tambi\u00e9n muestra tensiones. Mosc\u00fa reclama la formaci\u00f3n de un \u201cfrente unido\u201d para detener la guerra en el Golfo, mientras insiste en que no ha recibido solicitudes formales de asistencia militar iran\u00ed. La declaraci\u00f3n combina prudencia y posicionamiento pol\u00edtico: Rusia busca aparecer como actor estabilizador sin comprometerse directamente en un conflicto de alto riesgo.<\/p>\n\n\n\n<p>Desde Bruselas, la llamada a \u201cdejar espacio para la diplomacia\u201d refleja una preocupaci\u00f3n creciente. Las guerras, como record\u00f3 la jefa de la diplomacia europea, terminan con negociaci\u00f3n. Pero la historia reciente sugiere que ese espacio suele abrirse solo despu\u00e9s de una fase de intensificaci\u00f3n militar que redefine el equilibrio de fuerzas sobre el terreno.<\/p>\n\n\n\n<p>El L\u00edbano aparece como uno de los puntos cr\u00edticos de esa posible expansi\u00f3n. La decisi\u00f3n del gobierno liban\u00e9s de prohibir actividades de la Guardia Revolucionaria y amenazar con arrestos muestra la presi\u00f3n internacional sobre Beirut para evitar que el pa\u00eds se convierta en otro frente del conflicto. El delicado equilibrio con Hezbol\u00e1 vuelve as\u00ed al centro de la escena regional.<\/p>\n\n\n\n<p>En este tablero cada movimiento tiene una doble lectura. Las operaciones militares buscan resultados t\u00e1cticos inmediatos, pero tambi\u00e9n env\u00edan se\u00f1ales pol\u00edticas a aliados y adversarios. La acumulaci\u00f3n de gestos \u2014log\u00edsticos, diplom\u00e1ticos y simb\u00f3licos\u2014 sugiere que el conflicto ha entrado en una fase en la que la gesti\u00f3n del riesgo es tan importante como el propio combate.<\/p>\n\n\n\n<p>La inc\u00f3gnita principal sigue siendo el tiempo. Algunos an\u00e1lisis se\u00f1alan que una ofensiva mayor podr\u00eda producirse en las pr\u00f3ximas semanas, aunque la incertidumbre es absoluta. En un escenario donde m\u00faltiples actores calibran sus l\u00edmites, la verdadera pregunta no es solo qui\u00e9n puede ganar, sino qui\u00e9n est\u00e1 dispuesto a detenerse antes de que el conflicto se convierta en algo mucho m\u00e1s grande.<\/p>\n\n\n\n<p>\u270d\ufe0f \u00a9 2026 El Cart\u00f3grafo del Desorden \u2013 \u7248\u6743\u6240\u6709\uff0c\u4fdd\u7559\u6240\u6709\u6743\u5229<\/p>\n\n<hr style=\"border: none; height: 1px; background-color: #ccc; margin: 2em 0;\" \/>\n\n<small>\u00a9 2026 SalaStampa.eu, world press service &#8211; All Rights Reserved &#8211;  Guzzo Photos &#038; Graphic  Publications \u2013 Registro Editori e Stampatori n. 1441 Turin, Italy<\/small>\n","protected":false},"excerpt":{"rendered":"<p>La guerra que se despliega entre Israel e Ir\u00e1n entra en su sexto d\u00eda con una sensaci\u00f3n cada vez m\u00e1s clara de que el conflicto ya ha dejado de ser estrictamente bilateral.<\/p>\n","protected":false},"author":1,"featured_media":442,"comment_status":"closed","ping_status":"closed","sticky":false,"template":"","format":"standard","meta":{"footnotes":"","_links_to":"","_links_to_target":""},"categories":[19,20,4,7],"tags":[79,53],"class_list":["post-444","post","type-post","status-publish","format-standard","has-post-thumbnail","hentry","category-19","category-20","category-actualidad","category-internacional","tag-iran","tag-usa","entry","simple"],"yoast_head":"<!-- This site is optimized with the Yoast SEO plugin v27.5 - https:\/\/yoast.com\/product\/yoast-seo-wordpress\/ -->\n<title>Diplomacia y lucha de poder bajo la sombra del Golfo - SalaStampa.eu<\/title>\n<meta name=\"robots\" content=\"index, follow, max-snippet:-1, max-image-preview:large, max-video-preview:-1\" \/>\n<link rel=\"canonical\" href=\"https:\/\/salastampa.eu\/news\/2026\/03\/05\/guerra-iran\/\" \/>\n<meta property=\"og:locale\" content=\"es_ES\" \/>\n<meta property=\"og:type\" content=\"article\" \/>\n<meta property=\"og:title\" content=\"Diplomacia y lucha de poder bajo la sombra del Golfo - SalaStampa.eu\" \/>\n<meta property=\"og:description\" content=\"La guerra que se despliega entre Israel e Ir\u00e1n entra en su sexto d\u00eda con una sensaci\u00f3n cada vez m\u00e1s clara de que el conflicto ya ha dejado de ser estrictamente bilateral.\" \/>\n<meta property=\"og:url\" content=\"https:\/\/salastampa.eu\/news\/2026\/03\/05\/guerra-iran\/\" \/>\n<meta property=\"og:site_name\" content=\"SalaStampa.eu\" \/>\n<meta property=\"article:published_time\" content=\"2026-03-05T14:43:58+00:00\" \/>\n<meta property=\"article:modified_time\" content=\"2026-03-05T14:43:59+00:00\" \/>\n<meta property=\"og:image\" content=\"https:\/\/salastampa.eu\/news\/wp-content\/uploads\/2026\/03\/aerbase.jpg\" \/>\n\t<meta property=\"og:image:width\" content=\"600\" \/>\n\t<meta property=\"og:image:height\" content=\"400\" \/>\n\t<meta property=\"og:image:type\" content=\"image\/jpeg\" \/>\n<meta name=\"author\" content=\"World Press Service - Servicio de Prensa Mundial\" \/>\n<meta name=\"twitter:card\" content=\"summary_large_image\" \/>\n<meta name=\"twitter:label1\" content=\"Escrito por\" \/>\n\t<meta name=\"twitter:data1\" content=\"World Press Service - Servicio de Prensa Mundial\" \/>\n\t<meta name=\"twitter:label2\" content=\"Tiempo de lectura\" \/>\n\t<meta name=\"twitter:data2\" content=\"4 minutos\" \/>\n<script type=\"application\/ld+json\" class=\"yoast-schema-graph\">{\"@context\":\"https:\\\/\\\/schema.org\",\"@graph\":[{\"@type\":\"Article\",\"@id\":\"https:\\\/\\\/salastampa.eu\\\/news\\\/2026\\\/03\\\/05\\\/guerra-iran\\\/#article\",\"isPartOf\":{\"@id\":\"https:\\\/\\\/salastampa.eu\\\/news\\\/2026\\\/03\\\/05\\\/guerra-iran\\\/\"},\"author\":{\"name\":\"World Press Service - Servicio de Prensa Mundial\",\"@id\":\"https:\\\/\\\/salastampa.eu\\\/news\\\/#\\\/schema\\\/person\\\/014e1707efbedbf1a74c9b00a1daab69\"},\"headline\":\"Diplomacia y lucha de poder bajo la sombra del Golfo\",\"datePublished\":\"2026-03-05T14:43:58+00:00\",\"dateModified\":\"2026-03-05T14:43:59+00:00\",\"mainEntityOfPage\":{\"@id\":\"https:\\\/\\\/salastampa.eu\\\/news\\\/2026\\\/03\\\/05\\\/guerra-iran\\\/\"},\"wordCount\":885,\"publisher\":{\"@id\":\"https:\\\/\\\/salastampa.eu\\\/news\\\/#organization\"},\"image\":{\"@id\":\"https:\\\/\\\/salastampa.eu\\\/news\\\/2026\\\/03\\\/05\\\/guerra-iran\\\/#primaryimage\"},\"thumbnailUrl\":\"https:\\\/\\\/salastampa.eu\\\/news\\\/wp-content\\\/uploads\\\/2026\\\/03\\\/aerbase.jpg\",\"keywords\":[\"Iran\",\"USA\"],\"articleSection\":[\"--\",\"--\",\"Actualidad\",\"Internacional\"],\"inLanguage\":\"es-AR\"},{\"@type\":\"WebPage\",\"@id\":\"https:\\\/\\\/salastampa.eu\\\/news\\\/2026\\\/03\\\/05\\\/guerra-iran\\\/\",\"url\":\"https:\\\/\\\/salastampa.eu\\\/news\\\/2026\\\/03\\\/05\\\/guerra-iran\\\/\",\"name\":\"Diplomacia y lucha de poder bajo la sombra del Golfo - SalaStampa.eu\",\"isPartOf\":{\"@id\":\"https:\\\/\\\/salastampa.eu\\\/news\\\/#website\"},\"primaryImageOfPage\":{\"@id\":\"https:\\\/\\\/salastampa.eu\\\/news\\\/2026\\\/03\\\/05\\\/guerra-iran\\\/#primaryimage\"},\"image\":{\"@id\":\"https:\\\/\\\/salastampa.eu\\\/news\\\/2026\\\/03\\\/05\\\/guerra-iran\\\/#primaryimage\"},\"thumbnailUrl\":\"https:\\\/\\\/salastampa.eu\\\/news\\\/wp-content\\\/uploads\\\/2026\\\/03\\\/aerbase.jpg\",\"datePublished\":\"2026-03-05T14:43:58+00:00\",\"dateModified\":\"2026-03-05T14:43:59+00:00\",\"breadcrumb\":{\"@id\":\"https:\\\/\\\/salastampa.eu\\\/news\\\/2026\\\/03\\\/05\\\/guerra-iran\\\/#breadcrumb\"},\"inLanguage\":\"es-AR\",\"potentialAction\":[{\"@type\":\"ReadAction\",\"target\":[\"https:\\\/\\\/salastampa.eu\\\/news\\\/2026\\\/03\\\/05\\\/guerra-iran\\\/\"]}]},{\"@type\":\"ImageObject\",\"inLanguage\":\"es-AR\",\"@id\":\"https:\\\/\\\/salastampa.eu\\\/news\\\/2026\\\/03\\\/05\\\/guerra-iran\\\/#primaryimage\",\"url\":\"https:\\\/\\\/salastampa.eu\\\/news\\\/wp-content\\\/uploads\\\/2026\\\/03\\\/aerbase.jpg\",\"contentUrl\":\"https:\\\/\\\/salastampa.eu\\\/news\\\/wp-content\\\/uploads\\\/2026\\\/03\\\/aerbase.jpg\",\"width\":600,\"height\":400},{\"@type\":\"BreadcrumbList\",\"@id\":\"https:\\\/\\\/salastampa.eu\\\/news\\\/2026\\\/03\\\/05\\\/guerra-iran\\\/#breadcrumb\",\"itemListElement\":[{\"@type\":\"ListItem\",\"position\":1,\"name\":\"Inicio\",\"item\":\"https:\\\/\\\/salastampa.eu\\\/news\\\/\"},{\"@type\":\"ListItem\",\"position\":2,\"name\":\"Diplomacia y lucha de poder bajo la sombra del Golfo\"}]},{\"@type\":\"WebSite\",\"@id\":\"https:\\\/\\\/salastampa.eu\\\/news\\\/#website\",\"url\":\"https:\\\/\\\/salastampa.eu\\\/news\\\/\",\"name\":\"SalaStampa.eu\",\"description\":\"Multilingual Tabloid \\\/ The Dragon Mirror \\\/ The Mediterranean Desk \u2013 Arabic Edition \u2013 SalaStampa \u0627\u0644\u0634\u0631\u0642\",\"publisher\":{\"@id\":\"https:\\\/\\\/salastampa.eu\\\/news\\\/#organization\"},\"potentialAction\":[{\"@type\":\"SearchAction\",\"target\":{\"@type\":\"EntryPoint\",\"urlTemplate\":\"https:\\\/\\\/salastampa.eu\\\/news\\\/?s={search_term_string}\"},\"query-input\":{\"@type\":\"PropertyValueSpecification\",\"valueRequired\":true,\"valueName\":\"search_term_string\"}}],\"inLanguage\":\"es-AR\"},{\"@type\":\"Organization\",\"@id\":\"https:\\\/\\\/salastampa.eu\\\/news\\\/#organization\",\"name\":\"SalaStampa.eu\",\"url\":\"https:\\\/\\\/salastampa.eu\\\/news\\\/\",\"logo\":{\"@type\":\"ImageObject\",\"inLanguage\":\"es-AR\",\"@id\":\"https:\\\/\\\/salastampa.eu\\\/news\\\/#\\\/schema\\\/logo\\\/image\\\/\",\"url\":\"https:\\\/\\\/salastampa.eu\\\/news\\\/wp-content\\\/uploads\\\/2025\\\/06\\\/salastampa_logo_400.png\",\"contentUrl\":\"https:\\\/\\\/salastampa.eu\\\/news\\\/wp-content\\\/uploads\\\/2025\\\/06\\\/salastampa_logo_400.png\",\"width\":400,\"height\":53,\"caption\":\"SalaStampa.eu\"},\"image\":{\"@id\":\"https:\\\/\\\/salastampa.eu\\\/news\\\/#\\\/schema\\\/logo\\\/image\\\/\"}},{\"@type\":\"Person\",\"@id\":\"https:\\\/\\\/salastampa.eu\\\/news\\\/#\\\/schema\\\/person\\\/014e1707efbedbf1a74c9b00a1daab69\",\"name\":\"World Press Service - Servicio de Prensa Mundial\",\"sameAs\":[\"https:\\\/\\\/salastampa.eu\\\/news\"],\"url\":\"https:\\\/\\\/salastampa.eu\\\/news\\\/author\\\/rubines\\\/\"}]}<\/script>\n<!-- \/ Yoast SEO plugin. -->","yoast_head_json":{"title":"Diplomacia y lucha de poder bajo la sombra del Golfo - SalaStampa.eu","robots":{"index":"index","follow":"follow","max-snippet":"max-snippet:-1","max-image-preview":"max-image-preview:large","max-video-preview":"max-video-preview:-1"},"canonical":"https:\/\/salastampa.eu\/news\/2026\/03\/05\/guerra-iran\/","og_locale":"es_ES","og_type":"article","og_title":"Diplomacia y lucha de poder bajo la sombra del Golfo - SalaStampa.eu","og_description":"La guerra que se despliega entre Israel e Ir\u00e1n entra en su sexto d\u00eda con una sensaci\u00f3n cada vez m\u00e1s clara de que el conflicto ya ha dejado de ser estrictamente bilateral.","og_url":"https:\/\/salastampa.eu\/news\/2026\/03\/05\/guerra-iran\/","og_site_name":"SalaStampa.eu","article_published_time":"2026-03-05T14:43:58+00:00","article_modified_time":"2026-03-05T14:43:59+00:00","og_image":[{"width":600,"height":400,"url":"https:\/\/salastampa.eu\/news\/wp-content\/uploads\/2026\/03\/aerbase.jpg","type":"image\/jpeg"}],"author":"World Press Service - Servicio de Prensa Mundial","twitter_card":"summary_large_image","twitter_misc":{"Escrito por":"World Press Service - Servicio de Prensa Mundial","Tiempo de lectura":"4 minutos"},"schema":{"@context":"https:\/\/schema.org","@graph":[{"@type":"Article","@id":"https:\/\/salastampa.eu\/news\/2026\/03\/05\/guerra-iran\/#article","isPartOf":{"@id":"https:\/\/salastampa.eu\/news\/2026\/03\/05\/guerra-iran\/"},"author":{"name":"World Press Service - Servicio de Prensa Mundial","@id":"https:\/\/salastampa.eu\/news\/#\/schema\/person\/014e1707efbedbf1a74c9b00a1daab69"},"headline":"Diplomacia y lucha de poder bajo la sombra del Golfo","datePublished":"2026-03-05T14:43:58+00:00","dateModified":"2026-03-05T14:43:59+00:00","mainEntityOfPage":{"@id":"https:\/\/salastampa.eu\/news\/2026\/03\/05\/guerra-iran\/"},"wordCount":885,"publisher":{"@id":"https:\/\/salastampa.eu\/news\/#organization"},"image":{"@id":"https:\/\/salastampa.eu\/news\/2026\/03\/05\/guerra-iran\/#primaryimage"},"thumbnailUrl":"https:\/\/salastampa.eu\/news\/wp-content\/uploads\/2026\/03\/aerbase.jpg","keywords":["Iran","USA"],"articleSection":["--","--","Actualidad","Internacional"],"inLanguage":"es-AR"},{"@type":"WebPage","@id":"https:\/\/salastampa.eu\/news\/2026\/03\/05\/guerra-iran\/","url":"https:\/\/salastampa.eu\/news\/2026\/03\/05\/guerra-iran\/","name":"Diplomacia y lucha de poder bajo la sombra del Golfo - SalaStampa.eu","isPartOf":{"@id":"https:\/\/salastampa.eu\/news\/#website"},"primaryImageOfPage":{"@id":"https:\/\/salastampa.eu\/news\/2026\/03\/05\/guerra-iran\/#primaryimage"},"image":{"@id":"https:\/\/salastampa.eu\/news\/2026\/03\/05\/guerra-iran\/#primaryimage"},"thumbnailUrl":"https:\/\/salastampa.eu\/news\/wp-content\/uploads\/2026\/03\/aerbase.jpg","datePublished":"2026-03-05T14:43:58+00:00","dateModified":"2026-03-05T14:43:59+00:00","breadcrumb":{"@id":"https:\/\/salastampa.eu\/news\/2026\/03\/05\/guerra-iran\/#breadcrumb"},"inLanguage":"es-AR","potentialAction":[{"@type":"ReadAction","target":["https:\/\/salastampa.eu\/news\/2026\/03\/05\/guerra-iran\/"]}]},{"@type":"ImageObject","inLanguage":"es-AR","@id":"https:\/\/salastampa.eu\/news\/2026\/03\/05\/guerra-iran\/#primaryimage","url":"https:\/\/salastampa.eu\/news\/wp-content\/uploads\/2026\/03\/aerbase.jpg","contentUrl":"https:\/\/salastampa.eu\/news\/wp-content\/uploads\/2026\/03\/aerbase.jpg","width":600,"height":400},{"@type":"BreadcrumbList","@id":"https:\/\/salastampa.eu\/news\/2026\/03\/05\/guerra-iran\/#breadcrumb","itemListElement":[{"@type":"ListItem","position":1,"name":"Inicio","item":"https:\/\/salastampa.eu\/news\/"},{"@type":"ListItem","position":2,"name":"Diplomacia y lucha de poder bajo la sombra del Golfo"}]},{"@type":"WebSite","@id":"https:\/\/salastampa.eu\/news\/#website","url":"https:\/\/salastampa.eu\/news\/","name":"SalaStampa.eu","description":"Multilingual Tabloid \/ The Dragon Mirror \/ The Mediterranean Desk \u2013 Arabic Edition \u2013 SalaStampa \u0627\u0644\u0634\u0631\u0642","publisher":{"@id":"https:\/\/salastampa.eu\/news\/#organization"},"potentialAction":[{"@type":"SearchAction","target":{"@type":"EntryPoint","urlTemplate":"https:\/\/salastampa.eu\/news\/?s={search_term_string}"},"query-input":{"@type":"PropertyValueSpecification","valueRequired":true,"valueName":"search_term_string"}}],"inLanguage":"es-AR"},{"@type":"Organization","@id":"https:\/\/salastampa.eu\/news\/#organization","name":"SalaStampa.eu","url":"https:\/\/salastampa.eu\/news\/","logo":{"@type":"ImageObject","inLanguage":"es-AR","@id":"https:\/\/salastampa.eu\/news\/#\/schema\/logo\/image\/","url":"https:\/\/salastampa.eu\/news\/wp-content\/uploads\/2025\/06\/salastampa_logo_400.png","contentUrl":"https:\/\/salastampa.eu\/news\/wp-content\/uploads\/2025\/06\/salastampa_logo_400.png","width":400,"height":53,"caption":"SalaStampa.eu"},"image":{"@id":"https:\/\/salastampa.eu\/news\/#\/schema\/logo\/image\/"}},{"@type":"Person","@id":"https:\/\/salastampa.eu\/news\/#\/schema\/person\/014e1707efbedbf1a74c9b00a1daab69","name":"World Press Service - Servicio de Prensa Mundial","sameAs":["https:\/\/salastampa.eu\/news"],"url":"https:\/\/salastampa.eu\/news\/author\/rubines\/"}]}},"views":96,"_links":{"self":[{"href":"https:\/\/salastampa.eu\/news\/wp-json\/wp\/v2\/posts\/444","targetHints":{"allow":["GET"]}}],"collection":[{"href":"https:\/\/salastampa.eu\/news\/wp-json\/wp\/v2\/posts"}],"about":[{"href":"https:\/\/salastampa.eu\/news\/wp-json\/wp\/v2\/types\/post"}],"author":[{"embeddable":true,"href":"https:\/\/salastampa.eu\/news\/wp-json\/wp\/v2\/users\/1"}],"replies":[{"embeddable":true,"href":"https:\/\/salastampa.eu\/news\/wp-json\/wp\/v2\/comments?post=444"}],"version-history":[{"count":0,"href":"https:\/\/salastampa.eu\/news\/wp-json\/wp\/v2\/posts\/444\/revisions"}],"wp:featuredmedia":[{"embeddable":true,"href":"https:\/\/salastampa.eu\/news\/wp-json\/wp\/v2\/media\/442"}],"wp:attachment":[{"href":"https:\/\/salastampa.eu\/news\/wp-json\/wp\/v2\/media?parent=444"}],"wp:term":[{"taxonomy":"category","embeddable":true,"href":"https:\/\/salastampa.eu\/news\/wp-json\/wp\/v2\/categories?post=444"},{"taxonomy":"post_tag","embeddable":true,"href":"https:\/\/salastampa.eu\/news\/wp-json\/wp\/v2\/tags?post=444"}],"curies":[{"name":"wp","href":"https:\/\/api.w.org\/{rel}","templated":true}]}}