{"id":447,"date":"2026-03-09T21:42:50","date_gmt":"2026-03-10T00:42:50","guid":{"rendered":"https:\/\/salastampa.eu\/news\/?p=447"},"modified":"2026-03-10T16:17:32","modified_gmt":"2026-03-10T19:17:32","slug":"carceles-cuba","status":"publish","type":"post","link":"https:\/\/salastampa.eu\/news\/2026\/03\/09\/carceles-cuba\/","title":{"rendered":"Cuba: crisi energetica"},"content":{"rendered":"\n<figure class=\"wp-block-image size-full\"><img loading=\"lazy\" decoding=\"async\" width=\"800\" height=\"369\" src=\"https:\/\/salastampa.eu\/news\/wp-content\/uploads\/2026\/03\/cuna10feb.jpg\" alt=\"\" class=\"wp-image-449\" srcset=\"https:\/\/salastampa.eu\/news\/wp-content\/uploads\/2026\/03\/cuna10feb.jpg 800w, https:\/\/salastampa.eu\/news\/wp-content\/uploads\/2026\/03\/cuna10feb-300x138.jpg 300w, https:\/\/salastampa.eu\/news\/wp-content\/uploads\/2026\/03\/cuna10feb-768x354.jpg 768w\" sizes=\"auto, (max-width: 800px) 100vw, 800px\" \/><\/figure>\n\n\n\n<p class=\"p1\">La crisi energetica a Cuba non spegne soltanto le lampadine: spegne anche qualsiasi illusione che il sistema penitenziario del paese funzioni in condizioni minimamente umane. Secondo le denunce dei familiari dei prigionieri politici, i blackout che gi\u00e0 colpiscono milioni di cubani si sono installati anche nelle carceri, dove l\u2019oscurit\u00e0, la scarsit\u00e0 d\u2019acqua e il cibo di pessima qualit\u00e0 completano il men\u00f9 quotidiano.<\/p>\n\n\n\n<p class=\"p1\">Nel carcere femminile di La Bellotex, nella provincia di Matanzas, l\u2019elettricit\u00e0 sembra funzionare con orario rivoluzionario: appare per un momento e poi sparisce senza spiegazioni. L\u00ec \u00e8 detenuta la prigioniera politica Sayli Navarro, condannata a otto anni per aver partecipato alle proteste dell\u201911 e 12 luglio 2021. Sua madre, l\u2019attivista Sonia \u00c1lvarez, racconta che le detenute passano gran parte della notte al buio.<\/p>\n\n\n\n<p class=\"p1\">Il dettaglio che forse sorprenderebbe qualunque manuale sui diritti umani \u00e8 che la mancanza di elettricit\u00e0 rende anche il cibo un problema maggiore. Secondo le denunce, gli alimenti sono cos\u00ec scadenti che non si riescono nemmeno a mangiare senza corrente. Un risultato culinario che, se non fosse tragico, meriterebbe uno studio gastronomico.<\/p>\n\n\n\n<p class=\"p1\">Alla mancanza di luce si aggiunge quella dell\u2019acqua, un altro lusso che sembra disponibile solo in momenti molto specifici. Il risultato \u00e8 un ecosistema carcerario in cui le detenute sopravvivono tra blackout, razioni povere e servizi di base intermittenti.<\/p>\n\n\n\n<p class=\"p1\">Navarro non \u00e8 una sconosciuta per l\u2019apparato repressivo. Cofondatrice delle Damas de Blanco insieme ai familiari degli oppositori incarcerati durante la Primavera Negra del 2003, fu arrestata il 12 luglio 2021 insieme a suo padre, l\u2019oppositore F\u00e9lix Navarro, quando si rec\u00f2 a una stazione di polizia per chiedere informazioni su altri membri del movimento arrestati durante le proteste.<\/p>\n\n\n\n<p class=\"p1\">Nell\u2019oriente del paese la situazione non \u00e8 migliore. Nel carcere di Boniato, a Santiago de Cuba, la madre del prigioniero politico Eider Fr\u00f3meta Allen afferma che il penitenziario \u00e8 rimasto completamente senza elettricit\u00e0 per giorni.<\/p>\n\n\n\n<p class=\"p1\">Fr\u00f3meta Allen \u00e8 riuscito a parlare con sua madre solo per tre minuti. I telefoni del carcere, ha spiegato, dipendono da una rete elettrica che semplicemente non esiste da giorni. L\u2019oscurit\u00e0, in questo caso, non \u00e8 metaforica.<\/p>\n\n\n\n<p class=\"p1\">La situazione preoccupa anche per la sicurezza all\u2019interno dei penitenziari. Secondo le denunce dei familiari, un detenuto disabile che dipende da una sedia a rotelle sarebbe stato picchiato dopo aver protestato contro le condizioni del carcere.<\/p>\n\n\n\n<p class=\"p1\">Fr\u00f3meta Allen, attivista dell\u2019Unione Patriottica di Cuba (UNPACU), sta scontando una condanna a sei anni di carcere dal 2019. Il suo \u00e8 uno dei molti casi all\u2019interno del sistema carcerario cubano, dove le condizioni erano gi\u00e0 dure prima che la crisi energetica aggiungesse un nuovo livello di precariet\u00e0.<\/p>\n\n\n\n<p class=\"p1\">La spiegazione ufficiale \u00e8 nota: il sistema elettrico nazionale \u00e8 in profondo deficit. L\u2019ultimo rapporto dell\u2019Unione Elettrica riconosce un deficit superiore a 1.800 megawatt rispetto a una domanda di oltre 3.000.<\/p>\n\n\n\n<p class=\"p1\">Resta da chiarire se, in questa equazione energetica, qualcuno al potere ricordi che anche le carceri sono piene di esseri umani. Perch\u00e9 a Cuba, quando manca la luce, non si spengono solo le citt\u00e0: si oscurano anche le garanzie pi\u00f9 basilari. E nelle prigioni quell\u2019oscurit\u00e0 tende a durare molto pi\u00f9 a lungo.<\/p>\n\n\n\n<p><\/p>\n\n\n\n<p>&nbsp;Reportage della giornalista Ivette Pacheco di Mart\u00ed Noticias.com<\/p>\n\n\n\n<p><\/p>\n\n\n<hr class=\"wp-block-separator has-alpha-channel-opacity\"\/>\n \n<p><small>Marti Noticias \u2013 Publication Date: 09.03.2026<br>\nSalaStampa.Eu affiliate with USAGM \u2013 Edited by Guzzo Photos &amp; Graphic Publications.<br>\nCopyright \u00a9 1998-2026, VOA. Reprinted by ElCanillita.info with the permission of USAGM \u2013 Washington DC 20036<\/small><\/p>\n \n<p><\/p>\n<!-- \/wp:post-content -->","protected":false},"excerpt":{"rendered":"<p>La crisi energetica a Cuba arriva nelle carceri: i familiari dei prigionieri politici denunciano blackout, mancanza di acqua e cibo scadente<\/p>\n","protected":false},"author":1,"featured_media":450,"comment_status":"closed","ping_status":"closed","sticky":false,"template":"","format":"standard","meta":{"footnotes":"","_links_to":"","_links_to_target":""},"categories":[12],"tags":[80],"class_list":["post-447","post","type-post","status-publish","format-standard","has-post-thumbnail","hentry","category-attualita","tag-cuba","entry","simple"],"yoast_head":"<!-- This site is optimized with the Yoast SEO plugin v27.5 - https:\/\/yoast.com\/product\/yoast-seo-wordpress\/ -->\n<title>Cuba: crisi energetica - SalaStampa.eu<\/title>\n<meta name=\"robots\" content=\"index, follow, max-snippet:-1, max-image-preview:large, max-video-preview:-1\" \/>\n<link rel=\"canonical\" href=\"https:\/\/salastampa.eu\/news\/2026\/03\/09\/carceles-cuba\/\" \/>\n<meta property=\"og:locale\" content=\"es_ES\" \/>\n<meta property=\"og:type\" content=\"article\" \/>\n<meta property=\"og:title\" content=\"Cuba: crisi energetica - SalaStampa.eu\" \/>\n<meta property=\"og:description\" content=\"La crisi energetica a Cuba arriva nelle carceri: i familiari dei prigionieri politici denunciano blackout, mancanza di acqua e cibo scadente\" \/>\n<meta property=\"og:url\" content=\"https:\/\/salastampa.eu\/news\/2026\/03\/09\/carceles-cuba\/\" \/>\n<meta property=\"og:site_name\" content=\"SalaStampa.eu\" \/>\n<meta property=\"article:published_time\" content=\"2026-03-10T00:42:50+00:00\" \/>\n<meta property=\"article:modified_time\" content=\"2026-03-10T19:17:32+00:00\" \/>\n<meta property=\"og:image\" content=\"https:\/\/salastampa.eu\/news\/wp-content\/uploads\/2026\/03\/snapshot-2026-03-10T00_00_00Z.jpg\" \/>\n\t<meta property=\"og:image:width\" content=\"400\" \/>\n\t<meta property=\"og:image:height\" content=\"400\" \/>\n\t<meta property=\"og:image:type\" content=\"image\/jpeg\" \/>\n<meta name=\"author\" content=\"World Press Service - Servicio de Prensa Mundial\" \/>\n<meta name=\"twitter:card\" content=\"summary_large_image\" \/>\n<meta name=\"twitter:label1\" content=\"Escrito por\" \/>\n\t<meta name=\"twitter:data1\" content=\"World Press Service - Servicio de Prensa Mundial\" \/>\n\t<meta name=\"twitter:label2\" content=\"Tiempo de lectura\" \/>\n\t<meta name=\"twitter:data2\" content=\"3 minutos\" \/>\n<script type=\"application\/ld+json\" class=\"yoast-schema-graph\">{\"@context\":\"https:\\\/\\\/schema.org\",\"@graph\":[{\"@type\":\"Article\",\"@id\":\"https:\\\/\\\/salastampa.eu\\\/news\\\/2026\\\/03\\\/09\\\/carceles-cuba\\\/#article\",\"isPartOf\":{\"@id\":\"https:\\\/\\\/salastampa.eu\\\/news\\\/2026\\\/03\\\/09\\\/carceles-cuba\\\/\"},\"author\":{\"name\":\"World Press Service - Servicio de Prensa Mundial\",\"@id\":\"https:\\\/\\\/salastampa.eu\\\/news\\\/#\\\/schema\\\/person\\\/014e1707efbedbf1a74c9b00a1daab69\"},\"headline\":\"Cuba: crisi energetica\",\"datePublished\":\"2026-03-10T00:42:50+00:00\",\"dateModified\":\"2026-03-10T19:17:32+00:00\",\"mainEntityOfPage\":{\"@id\":\"https:\\\/\\\/salastampa.eu\\\/news\\\/2026\\\/03\\\/09\\\/carceles-cuba\\\/\"},\"wordCount\":556,\"publisher\":{\"@id\":\"https:\\\/\\\/salastampa.eu\\\/news\\\/#organization\"},\"image\":{\"@id\":\"https:\\\/\\\/salastampa.eu\\\/news\\\/2026\\\/03\\\/09\\\/carceles-cuba\\\/#primaryimage\"},\"thumbnailUrl\":\"https:\\\/\\\/salastampa.eu\\\/news\\\/wp-content\\\/uploads\\\/2026\\\/03\\\/snapshot-2026-03-10T00_00_00Z.jpg\",\"keywords\":[\"Cuba\"],\"articleSection\":[\"Attualit\u00e0\"],\"inLanguage\":\"es-AR\"},{\"@type\":\"WebPage\",\"@id\":\"https:\\\/\\\/salastampa.eu\\\/news\\\/2026\\\/03\\\/09\\\/carceles-cuba\\\/\",\"url\":\"https:\\\/\\\/salastampa.eu\\\/news\\\/2026\\\/03\\\/09\\\/carceles-cuba\\\/\",\"name\":\"Cuba: crisi energetica - SalaStampa.eu\",\"isPartOf\":{\"@id\":\"https:\\\/\\\/salastampa.eu\\\/news\\\/#website\"},\"primaryImageOfPage\":{\"@id\":\"https:\\\/\\\/salastampa.eu\\\/news\\\/2026\\\/03\\\/09\\\/carceles-cuba\\\/#primaryimage\"},\"image\":{\"@id\":\"https:\\\/\\\/salastampa.eu\\\/news\\\/2026\\\/03\\\/09\\\/carceles-cuba\\\/#primaryimage\"},\"thumbnailUrl\":\"https:\\\/\\\/salastampa.eu\\\/news\\\/wp-content\\\/uploads\\\/2026\\\/03\\\/snapshot-2026-03-10T00_00_00Z.jpg\",\"datePublished\":\"2026-03-10T00:42:50+00:00\",\"dateModified\":\"2026-03-10T19:17:32+00:00\",\"breadcrumb\":{\"@id\":\"https:\\\/\\\/salastampa.eu\\\/news\\\/2026\\\/03\\\/09\\\/carceles-cuba\\\/#breadcrumb\"},\"inLanguage\":\"es-AR\",\"potentialAction\":[{\"@type\":\"ReadAction\",\"target\":[\"https:\\\/\\\/salastampa.eu\\\/news\\\/2026\\\/03\\\/09\\\/carceles-cuba\\\/\"]}]},{\"@type\":\"ImageObject\",\"inLanguage\":\"es-AR\",\"@id\":\"https:\\\/\\\/salastampa.eu\\\/news\\\/2026\\\/03\\\/09\\\/carceles-cuba\\\/#primaryimage\",\"url\":\"https:\\\/\\\/salastampa.eu\\\/news\\\/wp-content\\\/uploads\\\/2026\\\/03\\\/snapshot-2026-03-10T00_00_00Z.jpg\",\"contentUrl\":\"https:\\\/\\\/salastampa.eu\\\/news\\\/wp-content\\\/uploads\\\/2026\\\/03\\\/snapshot-2026-03-10T00_00_00Z.jpg\",\"width\":400,\"height\":400},{\"@type\":\"BreadcrumbList\",\"@id\":\"https:\\\/\\\/salastampa.eu\\\/news\\\/2026\\\/03\\\/09\\\/carceles-cuba\\\/#breadcrumb\",\"itemListElement\":[{\"@type\":\"ListItem\",\"position\":1,\"name\":\"Inicio\",\"item\":\"https:\\\/\\\/salastampa.eu\\\/news\\\/\"},{\"@type\":\"ListItem\",\"position\":2,\"name\":\"Cuba: crisi energetica\"}]},{\"@type\":\"WebSite\",\"@id\":\"https:\\\/\\\/salastampa.eu\\\/news\\\/#website\",\"url\":\"https:\\\/\\\/salastampa.eu\\\/news\\\/\",\"name\":\"SalaStampa.eu\",\"description\":\"Multilingual Tabloid \\\/ The Dragon Mirror \\\/ The Mediterranean Desk \u2013 Arabic Edition \u2013 SalaStampa \u0627\u0644\u0634\u0631\u0642\",\"publisher\":{\"@id\":\"https:\\\/\\\/salastampa.eu\\\/news\\\/#organization\"},\"potentialAction\":[{\"@type\":\"SearchAction\",\"target\":{\"@type\":\"EntryPoint\",\"urlTemplate\":\"https:\\\/\\\/salastampa.eu\\\/news\\\/?s={search_term_string}\"},\"query-input\":{\"@type\":\"PropertyValueSpecification\",\"valueRequired\":true,\"valueName\":\"search_term_string\"}}],\"inLanguage\":\"es-AR\"},{\"@type\":\"Organization\",\"@id\":\"https:\\\/\\\/salastampa.eu\\\/news\\\/#organization\",\"name\":\"SalaStampa.eu\",\"url\":\"https:\\\/\\\/salastampa.eu\\\/news\\\/\",\"logo\":{\"@type\":\"ImageObject\",\"inLanguage\":\"es-AR\",\"@id\":\"https:\\\/\\\/salastampa.eu\\\/news\\\/#\\\/schema\\\/logo\\\/image\\\/\",\"url\":\"https:\\\/\\\/salastampa.eu\\\/news\\\/wp-content\\\/uploads\\\/2025\\\/06\\\/salastampa_logo_400.png\",\"contentUrl\":\"https:\\\/\\\/salastampa.eu\\\/news\\\/wp-content\\\/uploads\\\/2025\\\/06\\\/salastampa_logo_400.png\",\"width\":400,\"height\":53,\"caption\":\"SalaStampa.eu\"},\"image\":{\"@id\":\"https:\\\/\\\/salastampa.eu\\\/news\\\/#\\\/schema\\\/logo\\\/image\\\/\"}},{\"@type\":\"Person\",\"@id\":\"https:\\\/\\\/salastampa.eu\\\/news\\\/#\\\/schema\\\/person\\\/014e1707efbedbf1a74c9b00a1daab69\",\"name\":\"World Press Service - Servicio de Prensa Mundial\",\"sameAs\":[\"https:\\\/\\\/salastampa.eu\\\/news\"],\"url\":\"https:\\\/\\\/salastampa.eu\\\/news\\\/author\\\/rubines\\\/\"}]}<\/script>\n<!-- \/ Yoast SEO plugin. -->","yoast_head_json":{"title":"Cuba: crisi energetica - SalaStampa.eu","robots":{"index":"index","follow":"follow","max-snippet":"max-snippet:-1","max-image-preview":"max-image-preview:large","max-video-preview":"max-video-preview:-1"},"canonical":"https:\/\/salastampa.eu\/news\/2026\/03\/09\/carceles-cuba\/","og_locale":"es_ES","og_type":"article","og_title":"Cuba: crisi energetica - SalaStampa.eu","og_description":"La crisi energetica a Cuba arriva nelle carceri: i familiari dei prigionieri politici denunciano blackout, mancanza di acqua e cibo scadente","og_url":"https:\/\/salastampa.eu\/news\/2026\/03\/09\/carceles-cuba\/","og_site_name":"SalaStampa.eu","article_published_time":"2026-03-10T00:42:50+00:00","article_modified_time":"2026-03-10T19:17:32+00:00","og_image":[{"width":400,"height":400,"url":"https:\/\/salastampa.eu\/news\/wp-content\/uploads\/2026\/03\/snapshot-2026-03-10T00_00_00Z.jpg","type":"image\/jpeg"}],"author":"World Press Service - Servicio de Prensa Mundial","twitter_card":"summary_large_image","twitter_misc":{"Escrito por":"World Press Service - Servicio de Prensa Mundial","Tiempo de lectura":"3 minutos"},"schema":{"@context":"https:\/\/schema.org","@graph":[{"@type":"Article","@id":"https:\/\/salastampa.eu\/news\/2026\/03\/09\/carceles-cuba\/#article","isPartOf":{"@id":"https:\/\/salastampa.eu\/news\/2026\/03\/09\/carceles-cuba\/"},"author":{"name":"World Press Service - Servicio de Prensa Mundial","@id":"https:\/\/salastampa.eu\/news\/#\/schema\/person\/014e1707efbedbf1a74c9b00a1daab69"},"headline":"Cuba: crisi energetica","datePublished":"2026-03-10T00:42:50+00:00","dateModified":"2026-03-10T19:17:32+00:00","mainEntityOfPage":{"@id":"https:\/\/salastampa.eu\/news\/2026\/03\/09\/carceles-cuba\/"},"wordCount":556,"publisher":{"@id":"https:\/\/salastampa.eu\/news\/#organization"},"image":{"@id":"https:\/\/salastampa.eu\/news\/2026\/03\/09\/carceles-cuba\/#primaryimage"},"thumbnailUrl":"https:\/\/salastampa.eu\/news\/wp-content\/uploads\/2026\/03\/snapshot-2026-03-10T00_00_00Z.jpg","keywords":["Cuba"],"articleSection":["Attualit\u00e0"],"inLanguage":"es-AR"},{"@type":"WebPage","@id":"https:\/\/salastampa.eu\/news\/2026\/03\/09\/carceles-cuba\/","url":"https:\/\/salastampa.eu\/news\/2026\/03\/09\/carceles-cuba\/","name":"Cuba: crisi energetica - SalaStampa.eu","isPartOf":{"@id":"https:\/\/salastampa.eu\/news\/#website"},"primaryImageOfPage":{"@id":"https:\/\/salastampa.eu\/news\/2026\/03\/09\/carceles-cuba\/#primaryimage"},"image":{"@id":"https:\/\/salastampa.eu\/news\/2026\/03\/09\/carceles-cuba\/#primaryimage"},"thumbnailUrl":"https:\/\/salastampa.eu\/news\/wp-content\/uploads\/2026\/03\/snapshot-2026-03-10T00_00_00Z.jpg","datePublished":"2026-03-10T00:42:50+00:00","dateModified":"2026-03-10T19:17:32+00:00","breadcrumb":{"@id":"https:\/\/salastampa.eu\/news\/2026\/03\/09\/carceles-cuba\/#breadcrumb"},"inLanguage":"es-AR","potentialAction":[{"@type":"ReadAction","target":["https:\/\/salastampa.eu\/news\/2026\/03\/09\/carceles-cuba\/"]}]},{"@type":"ImageObject","inLanguage":"es-AR","@id":"https:\/\/salastampa.eu\/news\/2026\/03\/09\/carceles-cuba\/#primaryimage","url":"https:\/\/salastampa.eu\/news\/wp-content\/uploads\/2026\/03\/snapshot-2026-03-10T00_00_00Z.jpg","contentUrl":"https:\/\/salastampa.eu\/news\/wp-content\/uploads\/2026\/03\/snapshot-2026-03-10T00_00_00Z.jpg","width":400,"height":400},{"@type":"BreadcrumbList","@id":"https:\/\/salastampa.eu\/news\/2026\/03\/09\/carceles-cuba\/#breadcrumb","itemListElement":[{"@type":"ListItem","position":1,"name":"Inicio","item":"https:\/\/salastampa.eu\/news\/"},{"@type":"ListItem","position":2,"name":"Cuba: crisi energetica"}]},{"@type":"WebSite","@id":"https:\/\/salastampa.eu\/news\/#website","url":"https:\/\/salastampa.eu\/news\/","name":"SalaStampa.eu","description":"Multilingual Tabloid \/ The Dragon Mirror \/ The Mediterranean Desk \u2013 Arabic Edition \u2013 SalaStampa \u0627\u0644\u0634\u0631\u0642","publisher":{"@id":"https:\/\/salastampa.eu\/news\/#organization"},"potentialAction":[{"@type":"SearchAction","target":{"@type":"EntryPoint","urlTemplate":"https:\/\/salastampa.eu\/news\/?s={search_term_string}"},"query-input":{"@type":"PropertyValueSpecification","valueRequired":true,"valueName":"search_term_string"}}],"inLanguage":"es-AR"},{"@type":"Organization","@id":"https:\/\/salastampa.eu\/news\/#organization","name":"SalaStampa.eu","url":"https:\/\/salastampa.eu\/news\/","logo":{"@type":"ImageObject","inLanguage":"es-AR","@id":"https:\/\/salastampa.eu\/news\/#\/schema\/logo\/image\/","url":"https:\/\/salastampa.eu\/news\/wp-content\/uploads\/2025\/06\/salastampa_logo_400.png","contentUrl":"https:\/\/salastampa.eu\/news\/wp-content\/uploads\/2025\/06\/salastampa_logo_400.png","width":400,"height":53,"caption":"SalaStampa.eu"},"image":{"@id":"https:\/\/salastampa.eu\/news\/#\/schema\/logo\/image\/"}},{"@type":"Person","@id":"https:\/\/salastampa.eu\/news\/#\/schema\/person\/014e1707efbedbf1a74c9b00a1daab69","name":"World Press Service - Servicio de Prensa Mundial","sameAs":["https:\/\/salastampa.eu\/news"],"url":"https:\/\/salastampa.eu\/news\/author\/rubines\/"}]}},"views":90,"_links":{"self":[{"href":"https:\/\/salastampa.eu\/news\/wp-json\/wp\/v2\/posts\/447","targetHints":{"allow":["GET"]}}],"collection":[{"href":"https:\/\/salastampa.eu\/news\/wp-json\/wp\/v2\/posts"}],"about":[{"href":"https:\/\/salastampa.eu\/news\/wp-json\/wp\/v2\/types\/post"}],"author":[{"embeddable":true,"href":"https:\/\/salastampa.eu\/news\/wp-json\/wp\/v2\/users\/1"}],"replies":[{"embeddable":true,"href":"https:\/\/salastampa.eu\/news\/wp-json\/wp\/v2\/comments?post=447"}],"version-history":[{"count":0,"href":"https:\/\/salastampa.eu\/news\/wp-json\/wp\/v2\/posts\/447\/revisions"}],"wp:featuredmedia":[{"embeddable":true,"href":"https:\/\/salastampa.eu\/news\/wp-json\/wp\/v2\/media\/450"}],"wp:attachment":[{"href":"https:\/\/salastampa.eu\/news\/wp-json\/wp\/v2\/media?parent=447"}],"wp:term":[{"taxonomy":"category","embeddable":true,"href":"https:\/\/salastampa.eu\/news\/wp-json\/wp\/v2\/categories?post=447"},{"taxonomy":"post_tag","embeddable":true,"href":"https:\/\/salastampa.eu\/news\/wp-json\/wp\/v2\/tags?post=447"}],"curies":[{"name":"wp","href":"https:\/\/api.w.org\/{rel}","templated":true}]}}