{"id":448,"date":"2026-03-09T22:12:05","date_gmt":"2026-03-10T01:12:05","guid":{"rendered":"https:\/\/salastampa.eu\/news\/?p=448"},"modified":"2026-03-10T16:19:13","modified_gmt":"2026-03-10T19:19:13","slug":"cuba-crise-energetique","status":"publish","type":"post","link":"https:\/\/salastampa.eu\/news\/2026\/03\/09\/cuba-crise-energetique\/","title":{"rendered":"Cuba: crise \u00e9nerg\u00e9tique"},"content":{"rendered":"\n<figure class=\"wp-block-image size-full\"><img loading=\"lazy\" decoding=\"async\" width=\"800\" height=\"369\" src=\"https:\/\/salastampa.eu\/news\/wp-content\/uploads\/2026\/03\/cuna10feb.jpg\" alt=\"\" class=\"wp-image-449\" srcset=\"https:\/\/salastampa.eu\/news\/wp-content\/uploads\/2026\/03\/cuna10feb.jpg 800w, https:\/\/salastampa.eu\/news\/wp-content\/uploads\/2026\/03\/cuna10feb-300x138.jpg 300w, https:\/\/salastampa.eu\/news\/wp-content\/uploads\/2026\/03\/cuna10feb-768x354.jpg 768w\" sizes=\"auto, (max-width: 800px) 100vw, 800px\" \/><\/figure>\n\n\n\n<p class=\"p1\">La crise \u00e9nerg\u00e9tique \u00e0 Cuba n\u2019\u00e9teint pas seulement les ampoules : elle \u00e9teint aussi toute illusion selon laquelle le syst\u00e8me p\u00e9nitentiaire du pays fonctionnerait dans des conditions minimales d\u2019humanit\u00e9. Selon les familles de prisonniers politiques, les coupures d\u2019\u00e9lectricit\u00e9 qui frappent d\u00e9j\u00e0 des millions de Cubains se sont \u00e9galement install\u00e9es dans les prisons.<\/p>\n\n\n\n<p class=\"p1\">Dans la prison pour femmes de La Bellotex, dans la province de Matanzas, l\u2019\u00e9lectricit\u00e9 semble fonctionner selon un horaire r\u00e9volutionnaire : elle appara\u00eet un moment puis dispara\u00eet sans explication. C\u2019est l\u00e0 que se trouve la prisonni\u00e8re politique Sayli Navarro, condamn\u00e9e \u00e0 huit ans pour avoir particip\u00e9 aux manifestations des 11 et 12 juillet 2021.<\/p>\n\n\n\n<p class=\"p1\">Sa m\u00e8re, l\u2019activiste Sonia \u00c1lvarez, affirme que les d\u00e9tenues passent une grande partie de la nuit dans l\u2019obscurit\u00e9. Le manque d\u2019\u00e9lectricit\u00e9 rend \u00e9galement la nourriture difficile \u00e0 consommer, selon les t\u00e9moignages.<\/p>\n\n\n\n<p class=\"p1\">\u00c0 l\u2019absence de courant s\u2019ajoute celle de l\u2019eau, un autre service devenu rare. Les d\u00e9tenues survivent ainsi entre coupures d\u2019\u00e9lectricit\u00e9, p\u00e9nurie d\u2019eau et rations alimentaires de mauvaise qualit\u00e9.<\/p>\n\n\n\n<p class=\"p1\">Navarro, cofondatrice des Dames en blanc aux c\u00f4t\u00e9s de familles d\u2019opposants arr\u00eat\u00e9s lors du Printemps noir de 2003, a \u00e9t\u00e9 arr\u00eat\u00e9e avec son p\u00e8re, F\u00e9lix Navarro, lorsqu\u2019elle se rendait dans un poste de police pour demander des informations sur d\u2019autres manifestants d\u00e9tenus.<\/p>\n\n\n\n<p class=\"p1\">Dans l\u2019est du pays, la situation n\u2019est gu\u00e8re meilleure. \u00c0 la prison de Boniato, \u00e0 Santiago de Cuba, la m\u00e8re du prisonnier politique Eider Fr\u00f3meta Allen affirme que l\u2019\u00e9tablissement est rest\u00e9 plusieurs jours totalement sans \u00e9lectricit\u00e9.<\/p>\n\n\n\n<p class=\"p1\">Fr\u00f3meta Allen n\u2019a pu parler que trois minutes avec sa m\u00e8re. Les t\u00e9l\u00e9phones du p\u00e9nitencier, explique-t-il, d\u00e9pendent d\u2019un r\u00e9seau \u00e9lectrique qui ne fonctionne plus depuis plusieurs jours.<\/p>\n\n\n\n<p class=\"p1\">Dans ces conditions, les familles craignent \u00e9galement pour la s\u00e9curit\u00e9 des d\u00e9tenus. Selon des t\u00e9moignages, un prisonnier handicap\u00e9 aurait \u00e9t\u00e9 battu apr\u00e8s avoir d\u00e9nonc\u00e9 les conditions de d\u00e9tention.<\/p>\n\n\n\n<p class=\"p1\">Fr\u00f3meta Allen, militant de l\u2019Union patriotique de Cuba (UNPACU), purge une peine de six ans depuis 2019.<\/p>\n\n\n\n<p class=\"p1\">La cause officielle est connue : le syst\u00e8me \u00e9lectrique cubain est en d\u00e9ficit chronique. Les autorit\u00e9s reconnaissent un manque de plus de 1.800 m\u00e9gawatts face \u00e0 une demande nationale d\u00e9passant les 3.000.<\/p>\n\n\n\n<p class=\"p1\">La question reste de savoir si, dans cette \u00e9quation \u00e9nerg\u00e9tique, quelqu\u2019un au pouvoir se souvient que les prisons sont aussi remplies d\u2019\u00eatres humains.<\/p>\n\n\n\n<p><\/p>\n\n\n\n<p>Reportage de la journaliste Ivette Pacheco de Mart\u00ed Noticias.com<\/p>\n\n\n<hr class=\"wp-block-separator has-alpha-channel-opacity\"\/>\n \n<p><small>Marti Noticias \u2013 Publication Date: 09.03.2026<br>\nSalaStampa.Eu affiliate with USAGM \u2013 Edited by Guzzo Photos &amp; Graphic Publications.<br>\nCopyright \u00a9 1998-2026, VOA. Reprinted by ElCanillita.info with the permission of USAGM \u2013 Washington DC 20036<\/small><\/p>\n ","protected":false},"excerpt":{"rendered":"<p>Dans un contexte d\u2019aggravation de la crise \u00e9nerg\u00e9tique nationale, plusieurs prisons cubaines restent priv\u00e9es d\u2019\u00e9lectricit\u00e9 pendant de longues p\u00e9riodes, avec des communications limit\u00e9es et des conditions de d\u00e9tention de plus en plus pr\u00e9caires.<\/p>\n","protected":false},"author":1,"featured_media":450,"comment_status":"closed","ping_status":"closed","sticky":false,"template":"","format":"standard","meta":{"footnotes":"","_links_to":"","_links_to_target":""},"categories":[13],"tags":[80],"class_list":["post-448","post","type-post","status-publish","format-standard","has-post-thumbnail","hentry","category-actualite","tag-cuba","entry","simple"],"yoast_head":"<!-- This site is optimized with the Yoast SEO plugin v27.5 - https:\/\/yoast.com\/product\/yoast-seo-wordpress\/ -->\n<title>Cuba: crise \u00e9nerg\u00e9tique - SalaStampa.eu<\/title>\n<meta name=\"robots\" content=\"index, follow, max-snippet:-1, max-image-preview:large, max-video-preview:-1\" \/>\n<link rel=\"canonical\" href=\"https:\/\/salastampa.eu\/news\/2026\/03\/09\/cuba-crise-energetique\/\" \/>\n<meta property=\"og:locale\" content=\"es_ES\" \/>\n<meta property=\"og:type\" content=\"article\" \/>\n<meta property=\"og:title\" content=\"Cuba: crise \u00e9nerg\u00e9tique - SalaStampa.eu\" \/>\n<meta property=\"og:description\" content=\"Dans un contexte d\u2019aggravation de la crise \u00e9nerg\u00e9tique nationale, plusieurs prisons cubaines restent priv\u00e9es d\u2019\u00e9lectricit\u00e9 pendant de longues p\u00e9riodes, avec des communications limit\u00e9es et des conditions de d\u00e9tention de plus en plus pr\u00e9caires.\" \/>\n<meta property=\"og:url\" content=\"https:\/\/salastampa.eu\/news\/2026\/03\/09\/cuba-crise-energetique\/\" \/>\n<meta property=\"og:site_name\" content=\"SalaStampa.eu\" \/>\n<meta property=\"article:published_time\" content=\"2026-03-10T01:12:05+00:00\" \/>\n<meta property=\"article:modified_time\" content=\"2026-03-10T19:19:13+00:00\" \/>\n<meta property=\"og:image\" content=\"https:\/\/salastampa.eu\/news\/wp-content\/uploads\/2026\/03\/snapshot-2026-03-10T00_00_00Z.jpg\" \/>\n\t<meta property=\"og:image:width\" content=\"400\" \/>\n\t<meta property=\"og:image:height\" content=\"400\" \/>\n\t<meta property=\"og:image:type\" content=\"image\/jpeg\" \/>\n<meta name=\"author\" content=\"World Press Service - Servicio de Prensa Mundial\" \/>\n<meta name=\"twitter:card\" content=\"summary_large_image\" \/>\n<meta name=\"twitter:label1\" content=\"Escrito por\" \/>\n\t<meta name=\"twitter:data1\" content=\"World Press Service - Servicio de Prensa Mundial\" \/>\n\t<meta name=\"twitter:label2\" content=\"Tiempo de lectura\" \/>\n\t<meta name=\"twitter:data2\" content=\"3 minutos\" \/>\n<script type=\"application\/ld+json\" class=\"yoast-schema-graph\">{\"@context\":\"https:\\\/\\\/schema.org\",\"@graph\":[{\"@type\":\"Article\",\"@id\":\"https:\\\/\\\/salastampa.eu\\\/news\\\/2026\\\/03\\\/09\\\/cuba-crise-energetique\\\/#article\",\"isPartOf\":{\"@id\":\"https:\\\/\\\/salastampa.eu\\\/news\\\/2026\\\/03\\\/09\\\/cuba-crise-energetique\\\/\"},\"author\":{\"name\":\"World Press Service - Servicio de Prensa Mundial\",\"@id\":\"https:\\\/\\\/salastampa.eu\\\/news\\\/#\\\/schema\\\/person\\\/014e1707efbedbf1a74c9b00a1daab69\"},\"headline\":\"Cuba: crise \u00e9nerg\u00e9tique\",\"datePublished\":\"2026-03-10T01:12:05+00:00\",\"dateModified\":\"2026-03-10T19:19:13+00:00\",\"mainEntityOfPage\":{\"@id\":\"https:\\\/\\\/salastampa.eu\\\/news\\\/2026\\\/03\\\/09\\\/cuba-crise-energetique\\\/\"},\"wordCount\":468,\"publisher\":{\"@id\":\"https:\\\/\\\/salastampa.eu\\\/news\\\/#organization\"},\"image\":{\"@id\":\"https:\\\/\\\/salastampa.eu\\\/news\\\/2026\\\/03\\\/09\\\/cuba-crise-energetique\\\/#primaryimage\"},\"thumbnailUrl\":\"https:\\\/\\\/salastampa.eu\\\/news\\\/wp-content\\\/uploads\\\/2026\\\/03\\\/snapshot-2026-03-10T00_00_00Z.jpg\",\"keywords\":[\"Cuba\"],\"articleSection\":[\"Actualit\u00e9\"],\"inLanguage\":\"es-AR\"},{\"@type\":\"WebPage\",\"@id\":\"https:\\\/\\\/salastampa.eu\\\/news\\\/2026\\\/03\\\/09\\\/cuba-crise-energetique\\\/\",\"url\":\"https:\\\/\\\/salastampa.eu\\\/news\\\/2026\\\/03\\\/09\\\/cuba-crise-energetique\\\/\",\"name\":\"Cuba: crise \u00e9nerg\u00e9tique - SalaStampa.eu\",\"isPartOf\":{\"@id\":\"https:\\\/\\\/salastampa.eu\\\/news\\\/#website\"},\"primaryImageOfPage\":{\"@id\":\"https:\\\/\\\/salastampa.eu\\\/news\\\/2026\\\/03\\\/09\\\/cuba-crise-energetique\\\/#primaryimage\"},\"image\":{\"@id\":\"https:\\\/\\\/salastampa.eu\\\/news\\\/2026\\\/03\\\/09\\\/cuba-crise-energetique\\\/#primaryimage\"},\"thumbnailUrl\":\"https:\\\/\\\/salastampa.eu\\\/news\\\/wp-content\\\/uploads\\\/2026\\\/03\\\/snapshot-2026-03-10T00_00_00Z.jpg\",\"datePublished\":\"2026-03-10T01:12:05+00:00\",\"dateModified\":\"2026-03-10T19:19:13+00:00\",\"breadcrumb\":{\"@id\":\"https:\\\/\\\/salastampa.eu\\\/news\\\/2026\\\/03\\\/09\\\/cuba-crise-energetique\\\/#breadcrumb\"},\"inLanguage\":\"es-AR\",\"potentialAction\":[{\"@type\":\"ReadAction\",\"target\":[\"https:\\\/\\\/salastampa.eu\\\/news\\\/2026\\\/03\\\/09\\\/cuba-crise-energetique\\\/\"]}]},{\"@type\":\"ImageObject\",\"inLanguage\":\"es-AR\",\"@id\":\"https:\\\/\\\/salastampa.eu\\\/news\\\/2026\\\/03\\\/09\\\/cuba-crise-energetique\\\/#primaryimage\",\"url\":\"https:\\\/\\\/salastampa.eu\\\/news\\\/wp-content\\\/uploads\\\/2026\\\/03\\\/snapshot-2026-03-10T00_00_00Z.jpg\",\"contentUrl\":\"https:\\\/\\\/salastampa.eu\\\/news\\\/wp-content\\\/uploads\\\/2026\\\/03\\\/snapshot-2026-03-10T00_00_00Z.jpg\",\"width\":400,\"height\":400},{\"@type\":\"BreadcrumbList\",\"@id\":\"https:\\\/\\\/salastampa.eu\\\/news\\\/2026\\\/03\\\/09\\\/cuba-crise-energetique\\\/#breadcrumb\",\"itemListElement\":[{\"@type\":\"ListItem\",\"position\":1,\"name\":\"Inicio\",\"item\":\"https:\\\/\\\/salastampa.eu\\\/news\\\/\"},{\"@type\":\"ListItem\",\"position\":2,\"name\":\"Cuba: crise \u00e9nerg\u00e9tique\"}]},{\"@type\":\"WebSite\",\"@id\":\"https:\\\/\\\/salastampa.eu\\\/news\\\/#website\",\"url\":\"https:\\\/\\\/salastampa.eu\\\/news\\\/\",\"name\":\"SalaStampa.eu\",\"description\":\"Multilingual Tabloid \\\/ The Dragon Mirror \\\/ The Mediterranean Desk \u2013 Arabic Edition \u2013 SalaStampa \u0627\u0644\u0634\u0631\u0642\",\"publisher\":{\"@id\":\"https:\\\/\\\/salastampa.eu\\\/news\\\/#organization\"},\"potentialAction\":[{\"@type\":\"SearchAction\",\"target\":{\"@type\":\"EntryPoint\",\"urlTemplate\":\"https:\\\/\\\/salastampa.eu\\\/news\\\/?s={search_term_string}\"},\"query-input\":{\"@type\":\"PropertyValueSpecification\",\"valueRequired\":true,\"valueName\":\"search_term_string\"}}],\"inLanguage\":\"es-AR\"},{\"@type\":\"Organization\",\"@id\":\"https:\\\/\\\/salastampa.eu\\\/news\\\/#organization\",\"name\":\"SalaStampa.eu\",\"url\":\"https:\\\/\\\/salastampa.eu\\\/news\\\/\",\"logo\":{\"@type\":\"ImageObject\",\"inLanguage\":\"es-AR\",\"@id\":\"https:\\\/\\\/salastampa.eu\\\/news\\\/#\\\/schema\\\/logo\\\/image\\\/\",\"url\":\"https:\\\/\\\/salastampa.eu\\\/news\\\/wp-content\\\/uploads\\\/2025\\\/06\\\/salastampa_logo_400.png\",\"contentUrl\":\"https:\\\/\\\/salastampa.eu\\\/news\\\/wp-content\\\/uploads\\\/2025\\\/06\\\/salastampa_logo_400.png\",\"width\":400,\"height\":53,\"caption\":\"SalaStampa.eu\"},\"image\":{\"@id\":\"https:\\\/\\\/salastampa.eu\\\/news\\\/#\\\/schema\\\/logo\\\/image\\\/\"}},{\"@type\":\"Person\",\"@id\":\"https:\\\/\\\/salastampa.eu\\\/news\\\/#\\\/schema\\\/person\\\/014e1707efbedbf1a74c9b00a1daab69\",\"name\":\"World Press Service - Servicio de Prensa Mundial\",\"sameAs\":[\"https:\\\/\\\/salastampa.eu\\\/news\"],\"url\":\"https:\\\/\\\/salastampa.eu\\\/news\\\/author\\\/rubines\\\/\"}]}<\/script>\n<!-- \/ Yoast SEO plugin. -->","yoast_head_json":{"title":"Cuba: crise \u00e9nerg\u00e9tique - SalaStampa.eu","robots":{"index":"index","follow":"follow","max-snippet":"max-snippet:-1","max-image-preview":"max-image-preview:large","max-video-preview":"max-video-preview:-1"},"canonical":"https:\/\/salastampa.eu\/news\/2026\/03\/09\/cuba-crise-energetique\/","og_locale":"es_ES","og_type":"article","og_title":"Cuba: crise \u00e9nerg\u00e9tique - SalaStampa.eu","og_description":"Dans un contexte d\u2019aggravation de la crise \u00e9nerg\u00e9tique nationale, plusieurs prisons cubaines restent priv\u00e9es d\u2019\u00e9lectricit\u00e9 pendant de longues p\u00e9riodes, avec des communications limit\u00e9es et des conditions de d\u00e9tention de plus en plus pr\u00e9caires.","og_url":"https:\/\/salastampa.eu\/news\/2026\/03\/09\/cuba-crise-energetique\/","og_site_name":"SalaStampa.eu","article_published_time":"2026-03-10T01:12:05+00:00","article_modified_time":"2026-03-10T19:19:13+00:00","og_image":[{"width":400,"height":400,"url":"https:\/\/salastampa.eu\/news\/wp-content\/uploads\/2026\/03\/snapshot-2026-03-10T00_00_00Z.jpg","type":"image\/jpeg"}],"author":"World Press Service - Servicio de Prensa Mundial","twitter_card":"summary_large_image","twitter_misc":{"Escrito por":"World Press Service - Servicio de Prensa Mundial","Tiempo de lectura":"3 minutos"},"schema":{"@context":"https:\/\/schema.org","@graph":[{"@type":"Article","@id":"https:\/\/salastampa.eu\/news\/2026\/03\/09\/cuba-crise-energetique\/#article","isPartOf":{"@id":"https:\/\/salastampa.eu\/news\/2026\/03\/09\/cuba-crise-energetique\/"},"author":{"name":"World Press Service - Servicio de Prensa Mundial","@id":"https:\/\/salastampa.eu\/news\/#\/schema\/person\/014e1707efbedbf1a74c9b00a1daab69"},"headline":"Cuba: crise \u00e9nerg\u00e9tique","datePublished":"2026-03-10T01:12:05+00:00","dateModified":"2026-03-10T19:19:13+00:00","mainEntityOfPage":{"@id":"https:\/\/salastampa.eu\/news\/2026\/03\/09\/cuba-crise-energetique\/"},"wordCount":468,"publisher":{"@id":"https:\/\/salastampa.eu\/news\/#organization"},"image":{"@id":"https:\/\/salastampa.eu\/news\/2026\/03\/09\/cuba-crise-energetique\/#primaryimage"},"thumbnailUrl":"https:\/\/salastampa.eu\/news\/wp-content\/uploads\/2026\/03\/snapshot-2026-03-10T00_00_00Z.jpg","keywords":["Cuba"],"articleSection":["Actualit\u00e9"],"inLanguage":"es-AR"},{"@type":"WebPage","@id":"https:\/\/salastampa.eu\/news\/2026\/03\/09\/cuba-crise-energetique\/","url":"https:\/\/salastampa.eu\/news\/2026\/03\/09\/cuba-crise-energetique\/","name":"Cuba: crise \u00e9nerg\u00e9tique - SalaStampa.eu","isPartOf":{"@id":"https:\/\/salastampa.eu\/news\/#website"},"primaryImageOfPage":{"@id":"https:\/\/salastampa.eu\/news\/2026\/03\/09\/cuba-crise-energetique\/#primaryimage"},"image":{"@id":"https:\/\/salastampa.eu\/news\/2026\/03\/09\/cuba-crise-energetique\/#primaryimage"},"thumbnailUrl":"https:\/\/salastampa.eu\/news\/wp-content\/uploads\/2026\/03\/snapshot-2026-03-10T00_00_00Z.jpg","datePublished":"2026-03-10T01:12:05+00:00","dateModified":"2026-03-10T19:19:13+00:00","breadcrumb":{"@id":"https:\/\/salastampa.eu\/news\/2026\/03\/09\/cuba-crise-energetique\/#breadcrumb"},"inLanguage":"es-AR","potentialAction":[{"@type":"ReadAction","target":["https:\/\/salastampa.eu\/news\/2026\/03\/09\/cuba-crise-energetique\/"]}]},{"@type":"ImageObject","inLanguage":"es-AR","@id":"https:\/\/salastampa.eu\/news\/2026\/03\/09\/cuba-crise-energetique\/#primaryimage","url":"https:\/\/salastampa.eu\/news\/wp-content\/uploads\/2026\/03\/snapshot-2026-03-10T00_00_00Z.jpg","contentUrl":"https:\/\/salastampa.eu\/news\/wp-content\/uploads\/2026\/03\/snapshot-2026-03-10T00_00_00Z.jpg","width":400,"height":400},{"@type":"BreadcrumbList","@id":"https:\/\/salastampa.eu\/news\/2026\/03\/09\/cuba-crise-energetique\/#breadcrumb","itemListElement":[{"@type":"ListItem","position":1,"name":"Inicio","item":"https:\/\/salastampa.eu\/news\/"},{"@type":"ListItem","position":2,"name":"Cuba: crise \u00e9nerg\u00e9tique"}]},{"@type":"WebSite","@id":"https:\/\/salastampa.eu\/news\/#website","url":"https:\/\/salastampa.eu\/news\/","name":"SalaStampa.eu","description":"Multilingual Tabloid \/ The Dragon Mirror \/ The Mediterranean Desk \u2013 Arabic Edition \u2013 SalaStampa \u0627\u0644\u0634\u0631\u0642","publisher":{"@id":"https:\/\/salastampa.eu\/news\/#organization"},"potentialAction":[{"@type":"SearchAction","target":{"@type":"EntryPoint","urlTemplate":"https:\/\/salastampa.eu\/news\/?s={search_term_string}"},"query-input":{"@type":"PropertyValueSpecification","valueRequired":true,"valueName":"search_term_string"}}],"inLanguage":"es-AR"},{"@type":"Organization","@id":"https:\/\/salastampa.eu\/news\/#organization","name":"SalaStampa.eu","url":"https:\/\/salastampa.eu\/news\/","logo":{"@type":"ImageObject","inLanguage":"es-AR","@id":"https:\/\/salastampa.eu\/news\/#\/schema\/logo\/image\/","url":"https:\/\/salastampa.eu\/news\/wp-content\/uploads\/2025\/06\/salastampa_logo_400.png","contentUrl":"https:\/\/salastampa.eu\/news\/wp-content\/uploads\/2025\/06\/salastampa_logo_400.png","width":400,"height":53,"caption":"SalaStampa.eu"},"image":{"@id":"https:\/\/salastampa.eu\/news\/#\/schema\/logo\/image\/"}},{"@type":"Person","@id":"https:\/\/salastampa.eu\/news\/#\/schema\/person\/014e1707efbedbf1a74c9b00a1daab69","name":"World Press Service - Servicio de Prensa Mundial","sameAs":["https:\/\/salastampa.eu\/news"],"url":"https:\/\/salastampa.eu\/news\/author\/rubines\/"}]}},"views":76,"_links":{"self":[{"href":"https:\/\/salastampa.eu\/news\/wp-json\/wp\/v2\/posts\/448","targetHints":{"allow":["GET"]}}],"collection":[{"href":"https:\/\/salastampa.eu\/news\/wp-json\/wp\/v2\/posts"}],"about":[{"href":"https:\/\/salastampa.eu\/news\/wp-json\/wp\/v2\/types\/post"}],"author":[{"embeddable":true,"href":"https:\/\/salastampa.eu\/news\/wp-json\/wp\/v2\/users\/1"}],"replies":[{"embeddable":true,"href":"https:\/\/salastampa.eu\/news\/wp-json\/wp\/v2\/comments?post=448"}],"version-history":[{"count":0,"href":"https:\/\/salastampa.eu\/news\/wp-json\/wp\/v2\/posts\/448\/revisions"}],"wp:featuredmedia":[{"embeddable":true,"href":"https:\/\/salastampa.eu\/news\/wp-json\/wp\/v2\/media\/450"}],"wp:attachment":[{"href":"https:\/\/salastampa.eu\/news\/wp-json\/wp\/v2\/media?parent=448"}],"wp:term":[{"taxonomy":"category","embeddable":true,"href":"https:\/\/salastampa.eu\/news\/wp-json\/wp\/v2\/categories?post=448"},{"taxonomy":"post_tag","embeddable":true,"href":"https:\/\/salastampa.eu\/news\/wp-json\/wp\/v2\/tags?post=448"}],"curies":[{"name":"wp","href":"https:\/\/api.w.org\/{rel}","templated":true}]}}